{"id":1207,"date":"2017-12-20T16:50:30","date_gmt":"2017-12-20T15:50:30","guid":{"rendered":"https:\/\/consbelohorizonte.esteri.it\/news\/dal_consolato\/2017\/12\/avviso-al-pubblico-pagamenti-con-2\/"},"modified":"2017-12-20T16:50:30","modified_gmt":"2017-12-20T15:50:30","slug":"avviso-al-pubblico-pagamenti-con-2","status":"publish","type":"post","link":"https:\/\/consbelohorizonte.esteri.it\/pt\/news\/dal_consolato\/2017\/12\/avviso-al-pubblico-pagamenti-con-2\/","title":{"rendered":"COMUNICADO IMPORTANTE &#8211; PAGAMENTO COM CART\u00c3O NOS DIAS 27-28-29 DE DEZEMBRO"},"content":{"rendered":"<p>Informa-se que excepcionalmente, por causa do expediente banc\u00e1rio de fim de ano, <span style=\"text-decoration: underline;\"><strong>nos dias 27, 28 e 29 de dezembro<\/strong><\/span> o <span style=\"text-decoration: underline;\"><strong>n\u00e3o ser\u00e3o aceitos pagamentos das tarifas dos servi\u00e7os consulares atrav\u00e9s de cart\u00e3o de debito<\/strong><\/span>.<br \/>Desculpem-nos pelo transtorno.<\/p>\n","protected":false},"excerpt":{"rendered":"Informa-se que excepcionalmente, por causa do expediente banc\u00e1rio de fim de ano, nos dias 27, 28 e 29 de dezembro o n\u00e3o ser\u00e3o aceitos pagamentos das tarifas dos servi\u00e7os consulares atrav\u00e9s de cart\u00e3o de debito.Desculpem-nos pelo transtorno.","protected":false},"author":1,"featured_media":0,"comment_status":"","ping_status":"","sticky":false,"template":"","format":"standard","meta":{"footnotes":""},"tags":[],"class_list":["post-1207","post","type-post","status-publish","format-standard","hentry"],"_links":{"self":[{"href":"https:\/\/consbelohorizonte.esteri.it\/pt\/wp-json\/wp\/v2\/posts\/1207","targetHints":{"allow":["GET"]}}],"collection":[{"href":"https:\/\/consbelohorizonte.esteri.it\/pt\/wp-json\/wp\/v2\/posts"}],"about":[{"href":"https:\/\/consbelohorizonte.esteri.it\/pt\/wp-json\/wp\/v2\/types\/post"}],"author":[{"embeddable":true,"href":"https:\/\/consbelohorizonte.esteri.it\/pt\/wp-json\/wp\/v2\/users\/1"}],"replies":[{"embeddable":true,"href":"https:\/\/consbelohorizonte.esteri.it\/pt\/wp-json\/wp\/v2\/comments?post=1207"}],"version-history":[{"count":0,"href":"https:\/\/consbelohorizonte.esteri.it\/pt\/wp-json\/wp\/v2\/posts\/1207\/revisions"}],"wp:attachment":[{"href":"https:\/\/consbelohorizonte.esteri.it\/pt\/wp-json\/wp\/v2\/media?parent=1207"}],"wp:term":[{"taxonomy":"post_tag","embeddable":true,"href":"https:\/\/consbelohorizonte.esteri.it\/pt\/wp-json\/wp\/v2\/tags?post=1207"}],"curies":[{"name":"wp","href":"https:\/\/api.w.org\/{rel}","templated":true}]}}