{"id":1188,"date":"2018-01-19T15:13:12","date_gmt":"2018-01-19T14:13:12","guid":{"rendered":"https:\/\/consbelohorizonte.esteri.it\/news\/dal_consolato\/2018\/01\/diploma-riconoscimento-associazione-2\/"},"modified":"2018-01-19T15:13:12","modified_gmt":"2018-01-19T14:13:12","slug":"diploma-riconoscimento-associazione-2","status":"publish","type":"post","link":"https:\/\/consbelohorizonte.esteri.it\/pt\/news\/dal_consolato\/2018\/01\/diploma-riconoscimento-associazione-2\/","title":{"rendered":"Diploma Reconhecimento Associa\u00e7\u00e3o &#8216;Trentini nel Mondo&#8217;"},"content":{"rendered":"<p>Na data de 12 de dezembro de 2017 a C\u00f4nsul recebeu da Associa\u00e7\u00e3o\u00a0&#8216;Trentini nel Mondo&#8217; um diploma de Reconhecimento pelo seu trabalho em favor da Comunidade trentina do Estado de Minas Gerais.<\/p>\n","protected":false},"excerpt":{"rendered":"Na data de 12 de dezembro de 2017 a C\u00f4nsul recebeu da Associa\u00e7\u00e3o\u00a0&#8216;Trentini nel Mondo&#8217; um diploma de Reconhecimento pelo seu trabalho em favor da Comunidade trentina do Estado de Minas Gerais.","protected":false},"author":1,"featured_media":0,"comment_status":"","ping_status":"","sticky":false,"template":"","format":"standard","meta":{"footnotes":""},"tags":[],"class_list":["post-1188","post","type-post","status-publish","format-standard","hentry"],"_links":{"self":[{"href":"https:\/\/consbelohorizonte.esteri.it\/pt\/wp-json\/wp\/v2\/posts\/1188","targetHints":{"allow":["GET"]}}],"collection":[{"href":"https:\/\/consbelohorizonte.esteri.it\/pt\/wp-json\/wp\/v2\/posts"}],"about":[{"href":"https:\/\/consbelohorizonte.esteri.it\/pt\/wp-json\/wp\/v2\/types\/post"}],"author":[{"embeddable":true,"href":"https:\/\/consbelohorizonte.esteri.it\/pt\/wp-json\/wp\/v2\/users\/1"}],"replies":[{"embeddable":true,"href":"https:\/\/consbelohorizonte.esteri.it\/pt\/wp-json\/wp\/v2\/comments?post=1188"}],"version-history":[{"count":0,"href":"https:\/\/consbelohorizonte.esteri.it\/pt\/wp-json\/wp\/v2\/posts\/1188\/revisions"}],"wp:attachment":[{"href":"https:\/\/consbelohorizonte.esteri.it\/pt\/wp-json\/wp\/v2\/media?parent=1188"}],"wp:term":[{"taxonomy":"post_tag","embeddable":true,"href":"https:\/\/consbelohorizonte.esteri.it\/pt\/wp-json\/wp\/v2\/tags?post=1188"}],"curies":[{"name":"wp","href":"https:\/\/api.w.org\/{rel}","templated":true}]}}