{"id":1170,"date":"2018-02-21T15:46:10","date_gmt":"2018-02-21T14:46:10","guid":{"rendered":"https:\/\/consbelohorizonte.esteri.it\/news\/dal_consolato\/2018\/02\/il-ministro-alfano-in-missione-2\/"},"modified":"2018-02-21T15:46:10","modified_gmt":"2018-02-21T14:46:10","slug":"il-ministro-alfano-in-missione-2","status":"publish","type":"post","link":"https:\/\/consbelohorizonte.esteri.it\/pt\/news\/dal_consolato\/2018\/02\/il-ministro-alfano-in-missione-2\/","title":{"rendered":"VISITA DO MINISTRO ALFANO AO BRASIL"},"content":{"rendered":"<p>&#8220;O Brasil \u00e9 um Pa\u00eds grandioso, que combina oportunidades importantes, em muitas \u00e1reas, com a criatividade e a paix\u00e3o pela vida que seu povo expressa. A mensagem pol\u00edtica que pretendo transmitir \u00e9, portanto, a busca de uma parceria forte em todas as quest\u00f5es globais complexas: no plano pol\u00edtico, em n\u00edvel econ\u00f4mico e na esfera social e cultural. Porque o Brasil \u00e9 um parceiro estrat\u00e9gico para n\u00f3s &#8220;. Estas as palavras do Ministro das Rela\u00e7\u00f5es Exteriores e da Coopera\u00e7\u00e3o Internacional, Angelino Alfano, em visita a S\u00e3o Paulo, no in\u00edcio da miss\u00e3o diplom\u00e1tica que o levar\u00e1 a Bras\u00edlia, Belo Horizonte (onde ser\u00e1 inaugurada a nova sede do Consulado de It\u00e1lia) e ao Rio de Janeiro.<\/p>\n<p>Em Bras\u00edlia, o Ministro Alfano se reunir\u00e1 com o Presidente da Rep\u00fablica, com o Ministro das Rela\u00e7\u00f5es Exteriores, o Ministro da Justi\u00e7a, o Ministro do Planejamento e o Ministro da Defesa.<\/p>\n<p>Os temas em pauta para as reuni\u00f5es ser\u00e3o as rela\u00e7\u00f5es bilaterais, com especial aten\u00e7\u00e3o para perspectivas est\u00e1veis de di\u00e1logo institucional, e as rela\u00e7\u00f5es econ\u00f4micas e comerciais (com foco espec\u00edfico na presen\u00e7a econ\u00f4mica da It\u00e1lia no Brasil, no valor do interc\u00e2mbio comercial e nas oportunidades oferecidas pelo Pa\u00eds). No que se refere aos assuntos regionais, ser\u00e3o discutidos a situa\u00e7\u00e3o da Venezuela e o acordo UE-Mercosul. Entre os temas de car\u00e1ter mais amplo a serem debatidos, as Na\u00e7\u00f5es Unidas, a Presid\u00eancia italiana da OSCE e a candidatura brasileira \u00e0 OCDE.<\/p>\n<p>FONTE: Farnesina (tradu\u00e7\u00e3o)<\/p>\n","protected":false},"excerpt":{"rendered":"&#8220;O Brasil \u00e9 um Pa\u00eds grandioso, que combina oportunidades importantes, em muitas \u00e1reas, com a criatividade e a paix\u00e3o pela vida que seu povo expressa. A mensagem pol\u00edtica que pretendo transmitir \u00e9, portanto, a busca de uma parceria forte em todas as quest\u00f5es globais complexas: no plano pol\u00edtico, em n\u00edvel econ\u00f4mico e na esfera social [&hellip;]","protected":false},"author":1,"featured_media":0,"comment_status":"","ping_status":"","sticky":false,"template":"","format":"standard","meta":{"footnotes":""},"tags":[],"class_list":["post-1170","post","type-post","status-publish","format-standard","hentry"],"_links":{"self":[{"href":"https:\/\/consbelohorizonte.esteri.it\/pt\/wp-json\/wp\/v2\/posts\/1170","targetHints":{"allow":["GET"]}}],"collection":[{"href":"https:\/\/consbelohorizonte.esteri.it\/pt\/wp-json\/wp\/v2\/posts"}],"about":[{"href":"https:\/\/consbelohorizonte.esteri.it\/pt\/wp-json\/wp\/v2\/types\/post"}],"author":[{"embeddable":true,"href":"https:\/\/consbelohorizonte.esteri.it\/pt\/wp-json\/wp\/v2\/users\/1"}],"replies":[{"embeddable":true,"href":"https:\/\/consbelohorizonte.esteri.it\/pt\/wp-json\/wp\/v2\/comments?post=1170"}],"version-history":[{"count":0,"href":"https:\/\/consbelohorizonte.esteri.it\/pt\/wp-json\/wp\/v2\/posts\/1170\/revisions"}],"wp:attachment":[{"href":"https:\/\/consbelohorizonte.esteri.it\/pt\/wp-json\/wp\/v2\/media?parent=1170"}],"wp:term":[{"taxonomy":"post_tag","embeddable":true,"href":"https:\/\/consbelohorizonte.esteri.it\/pt\/wp-json\/wp\/v2\/tags?post=1170"}],"curies":[{"name":"wp","href":"https:\/\/api.w.org\/{rel}","templated":true}]}}