{"id":1164,"date":"2018-03-12T16:56:33","date_gmt":"2018-03-12T15:56:33","guid":{"rendered":"https:\/\/consbelohorizonte.esteri.it\/news\/dal_consolato\/2018\/03\/giornata-del-design-italiano-nel-2\/"},"modified":"2018-03-12T16:56:33","modified_gmt":"2018-03-12T15:56:33","slug":"giornata-del-design-italiano-nel-2","status":"publish","type":"post","link":"https:\/\/consbelohorizonte.esteri.it\/pt\/news\/dal_consolato\/2018\/03\/giornata-del-design-italiano-nel-2\/","title":{"rendered":"Dia do Design Italiano no Mundo: Roadshow no Brasil com o IED \u2013 Instituto Europeu de Design. Em Belo Horizonte no dia 3 de abril!"},"content":{"rendered":"<p>A segunda edi\u00e7\u00e3o do Dia do Design Italiano no Mundo, comemorada em 2018, \u00e9 uma iniciativa do Minist\u00e9rio das Rela\u00e7\u00f5es Exteriores da It\u00e1lia para levar o design italiano a 100 cidades ao redor do mundo, atrav\u00e9s de suas embaixadas e consulados, e de seu bra\u00e7o cultural, o Instituto Italiano di Cultura. No Brasil, a programa\u00e7\u00e3o ser\u00e1 coordenada pelo IED Rio (Instituto Europeu di Design do Rio de Janeiro), e abranger\u00e1 eventos em v\u00e1rias capitais: Rio de Janeiro, S\u00e3o Paulo, Curitiba, Belo Horizonte, Porto Alegre, Recife e Bras\u00edlia. As programa\u00e7\u00f5es tiveram in\u00edcio em 1\u00ba de mar\u00e7o, no Rio, e ser\u00e3o continuadas at\u00e9 o dia 4 de abril, em comemora\u00e7\u00e3o especial na Embaixada da It\u00e1lia, em Bras\u00edlia.<\/p>\n<p>A programa\u00e7\u00e3o do Dia do Design Italiano no Mundo tem como tema principal o design e a sustentabilidade, com foco em casos de sucesso do design sustent\u00e1vel de grande impacto. O evento evidencia o papel do Made in Italy e sua fun\u00e7\u00e3o de embaixador da cultura material e imaterial da It\u00e1lia no mundo. O Road Show Brasil para o Dia do Design Italiano no Mundo conta com confer\u00eancias de designers brasileiros e internacionais, de alto perfil e renomado profissionalismo. Em Belo Horizonte, no dia 3 de abril, haver\u00e1 a palestra de Fabiano Pereira, na presen\u00e7a da Consul Aurora Russi, em colabora\u00e7\u00e3o com o SEBRAE.<\/p>\n<p>O evento do Dia do Design Italiano no Mundo ser\u00e1 encerrado em Bras\u00edlia, no dia 4 de abril, na sede da Embaixada da It\u00e1lia no Brasil, pelo Embaixador da It\u00e1lia no Brasil Antonio Bernardini, com as palestras de Fabio Palma, diretor do IED Rio, e Ayara Mendo, designer e arquiteta, coordenadora do curso m\u00e1ster profissional do IED.<\/p>\n","protected":false},"excerpt":{"rendered":"A segunda edi\u00e7\u00e3o do Dia do Design Italiano no Mundo, comemorada em 2018, \u00e9 uma iniciativa do Minist\u00e9rio das Rela\u00e7\u00f5es Exteriores da It\u00e1lia para levar o design italiano a 100 cidades ao redor do mundo, atrav\u00e9s de suas embaixadas e consulados, e de seu bra\u00e7o cultural, o Instituto Italiano di Cultura. No Brasil, a programa\u00e7\u00e3o [&hellip;]","protected":false},"author":1,"featured_media":0,"comment_status":"","ping_status":"","sticky":false,"template":"","format":"standard","meta":{"footnotes":""},"tags":[],"class_list":["post-1164","post","type-post","status-publish","format-standard","hentry"],"_links":{"self":[{"href":"https:\/\/consbelohorizonte.esteri.it\/pt\/wp-json\/wp\/v2\/posts\/1164","targetHints":{"allow":["GET"]}}],"collection":[{"href":"https:\/\/consbelohorizonte.esteri.it\/pt\/wp-json\/wp\/v2\/posts"}],"about":[{"href":"https:\/\/consbelohorizonte.esteri.it\/pt\/wp-json\/wp\/v2\/types\/post"}],"author":[{"embeddable":true,"href":"https:\/\/consbelohorizonte.esteri.it\/pt\/wp-json\/wp\/v2\/users\/1"}],"replies":[{"embeddable":true,"href":"https:\/\/consbelohorizonte.esteri.it\/pt\/wp-json\/wp\/v2\/comments?post=1164"}],"version-history":[{"count":0,"href":"https:\/\/consbelohorizonte.esteri.it\/pt\/wp-json\/wp\/v2\/posts\/1164\/revisions"}],"wp:attachment":[{"href":"https:\/\/consbelohorizonte.esteri.it\/pt\/wp-json\/wp\/v2\/media?parent=1164"}],"wp:term":[{"taxonomy":"post_tag","embeddable":true,"href":"https:\/\/consbelohorizonte.esteri.it\/pt\/wp-json\/wp\/v2\/tags?post=1164"}],"curies":[{"name":"wp","href":"https:\/\/api.w.org\/{rel}","templated":true}]}}