{"id":1147,"date":"2018-03-26T17:54:05","date_gmt":"2018-03-26T15:54:05","guid":{"rendered":"https:\/\/consbelohorizonte.esteri.it\/news\/dal_consolato\/2018\/03\/design-roadshow-italian-design-2\/"},"modified":"2018-03-26T17:54:05","modified_gmt":"2018-03-26T15:54:05","slug":"design-roadshow-italian-design-2","status":"publish","type":"post","link":"https:\/\/consbelohorizonte.esteri.it\/pt\/news\/dal_consolato\/2018\/03\/design-roadshow-italian-design-2\/","title":{"rendered":"Design Roadshow \u2013 Italian Design Day 2018"},"content":{"rendered":"<p>O Italian Design Day chega \u00e0 segunda edi\u00e7\u00e3o, ap\u00f3s o grande sucesso obtido em 2017. A proposta da iniciativa, uma a\u00e7\u00e3o conjunta promovida pelo Ministero degli Esteri e della Cooperazione Internazionale, pelo Ministero dei Beni e delle Attivit\u00e0 Culturali e del Turismo, pela Triennale di Milano, pelo ICE (Agenzia per la promozione all\u2019estero e l\u2019internazionalizzazione delle imprese italiane), pelo Salone del Mobile di Milano, pela Associazione per il Disegno Industriale, pela Fondazione Compasso d\u2019Oro e pela Fondazione Altagamma, \u00e9 promuover, em cem cidades no mundo, o que h\u00e1 de melhor na It\u00e1lia no campo do design.<\/p>\n<p>O projeto envolve todos os principais operadores italianos do setor, dentre eles, as maiores filiadas \u00e0 Confindustria e o mundo da forma\u00e7\u00e3o, representado pelas principais universidades e escolas de design.<\/p>\n<p>A import\u00e2ncia que \u00e9 dada hoje \u00e0 pol\u00edtica da sustentabilidade &#8211; n\u00e3o somente pelos governos, mas tamb\u00e9m pelas institui\u00e7\u00f5es privadas &#8211; influenciou a escolha do tema deste ano que trata justamente da rela\u00e7\u00e3o entre sustentabilidade e design. A It\u00e1lia \u00e9 l\u00edder mundial do setor e este evento &#8211; que consiste em palestras de cem \u201cembaixadores\u201d do design italiano (designers, arquitetos, acad\u00eamicos, cr\u00edticos, empres\u00e1rios, comunicadores) durante confer\u00eancias, mostras e encontros &#8211; ir\u00e1 reunir ideias, projetos e solu\u00e7\u00f5es de qualidade que ir\u00e3o alimentar o debate internacional preparat\u00f3rio para a XXII Triennale di Milano em 2019 e para a grande Expo Dubai em 2020.<\/p>\n<p>No Brasil, com o patroc\u00ednio da Embaixada da It\u00e1lia, da Rede Consular e dos Institutos Italianos de Cultura e com a colabora\u00e7\u00e3o do Instituto Europeu de Design (IED) do Rio de Janeiro, a iniciativa \u2013 que aqui denominada Design Roadshow \u2013 ser\u00e1 realizada com uma s\u00e9rie de conferencias e eventos nas principais cidades (Rio de Janeiro, S\u00e3o Paulo, Curitiba, Recife, Porto Alegre, Belo Horizonte) e ter\u00e1 seu \u00e1pice no encontro em Bras\u00edlia no dia 4 de abril, inserido inclusive na \u201cSemana do Distrito Creativo\u201d promovido pelo governo federal brasileiro.<\/p>\n<p>Em Belo Horizonte, o evento acontecer\u00e1 no dia 3 de abril das 19 \u00e0s 22:00 horas na sede do SEBRAE de Minas Gerais (Av. Bar\u00e3o Homem de Melo, 329). Ap\u00f3s a abertura do evento pela C\u00f4nsul da It\u00e1lia, Dra. Aurora Russi e pelas autoridades presentes, o prof. Fabiano Pereira, diretor do setor de Processos Inovadores e Estrat\u00e9gicos do IED far\u00e1 uma confer\u00eancia sobre inova\u00e7\u00e3o e sustentabilidade.<\/p>\n<p>Todos os eventos s\u00e3o gratuitos e \u00e9 necess\u00e1rio se cadastrar no site do IED: https:\/\/www.eventbrite.com.br\/e\/dia-do-design-italiano-no-mundo-registration-43420102696<\/p>\n<p>Mais informa\u00e7\u00f5es est\u00e3o dispon\u00edveis no site da Farnesina:<\/p>\n<p>https:\/\/www.esteri.it\/mae\/it\/politica_estera\/promozione-integrata-del-sistema\/italian-design-day-idd.html<\/p>\n<p>https:\/\/www.esteri.it\/mae\/it\/sala_stampa\/archivionotizie\/eventi\/giornata-del-design-italiano-nel.html<\/p>\n","protected":false},"excerpt":{"rendered":"O Italian Design Day chega \u00e0 segunda edi\u00e7\u00e3o, ap\u00f3s o grande sucesso obtido em 2017. A proposta da iniciativa, uma a\u00e7\u00e3o conjunta promovida pelo Ministero degli Esteri e della Cooperazione Internazionale, pelo Ministero dei Beni e delle Attivit\u00e0 Culturali e del Turismo, pela Triennale di Milano, pelo ICE (Agenzia per la promozione all\u2019estero e l\u2019internazionalizzazione [&hellip;]","protected":false},"author":1,"featured_media":0,"comment_status":"","ping_status":"","sticky":false,"template":"","format":"standard","meta":{"footnotes":""},"tags":[],"class_list":["post-1147","post","type-post","status-publish","format-standard","hentry"],"_links":{"self":[{"href":"https:\/\/consbelohorizonte.esteri.it\/pt\/wp-json\/wp\/v2\/posts\/1147","targetHints":{"allow":["GET"]}}],"collection":[{"href":"https:\/\/consbelohorizonte.esteri.it\/pt\/wp-json\/wp\/v2\/posts"}],"about":[{"href":"https:\/\/consbelohorizonte.esteri.it\/pt\/wp-json\/wp\/v2\/types\/post"}],"author":[{"embeddable":true,"href":"https:\/\/consbelohorizonte.esteri.it\/pt\/wp-json\/wp\/v2\/users\/1"}],"replies":[{"embeddable":true,"href":"https:\/\/consbelohorizonte.esteri.it\/pt\/wp-json\/wp\/v2\/comments?post=1147"}],"version-history":[{"count":0,"href":"https:\/\/consbelohorizonte.esteri.it\/pt\/wp-json\/wp\/v2\/posts\/1147\/revisions"}],"wp:attachment":[{"href":"https:\/\/consbelohorizonte.esteri.it\/pt\/wp-json\/wp\/v2\/media?parent=1147"}],"wp:term":[{"taxonomy":"post_tag","embeddable":true,"href":"https:\/\/consbelohorizonte.esteri.it\/pt\/wp-json\/wp\/v2\/tags?post=1147"}],"curies":[{"name":"wp","href":"https:\/\/api.w.org\/{rel}","templated":true}]}}