{"id":1132,"date":"2018-05-05T16:34:02","date_gmt":"2018-05-05T14:34:02","guid":{"rendered":"https:\/\/consbelohorizonte.esteri.it\/news\/dal_consolato\/2018\/05\/settimana-dell-europa-rassegna-2\/"},"modified":"2018-05-05T16:34:02","modified_gmt":"2018-05-05T14:34:02","slug":"settimana-dell-europa-rassegna-2","status":"publish","type":"post","link":"https:\/\/consbelohorizonte.esteri.it\/pt\/news\/dal_consolato\/2018\/05\/settimana-dell-europa-rassegna-2\/","title":{"rendered":"SEMANA DA EUROPA &#8212; MOSTRA DE CINEMA: A M\u00c1FIA MATA S\u00d3 NO VER\u00c3O (17 DE JUNHO, 19 HORAS)"},"content":{"rendered":"<p>No \u00e2mbito da Mostra de Cinema \u201cDemocracia em Cena\u201d organizada pela ocasi\u00e3o da Semana da Europa, o p\u00fablico poder\u00e1 assistir ao filme italiano \u201cLa Mafia Uccide Solo d\u2019Estate\u201d, de PIF.<\/p>\n<p>Ambientado na Sic\u00edlia contempor\u00e2nea, o filme \u00e9 o conto tragic\u00f4mico da vida de Arturo, que desde jovem cruza o caminho da m\u00e1fia. Ele \u00e9 uma crian\u00e7a particularmente sens\u00edvel \u00e0s peculiaridades que ocorrem diariamente na sua cidade e sofre o mesmo destino de todos os jovens jornalistas e ativistas que enfrentaram a verdade de frente e que muitas vezes tornam-se v\u00edtimas da m\u00e1fia. A partir da vida pessoal do protagonista e de sua banal hist\u00f3ria de amor, o filme visa mostrar a organiza\u00e7\u00e3o criminosa n\u00e3o apenas como uma entidade marginal da sociedade do sul da It\u00e1lia, mas como um organismo que infiltra-se em todos os aspectos da vida dos habitantes desta regi\u00e3o e na cultura coletiva.<\/p>\n<p>O filme ser\u00e1 exibido em seu \u00e1udio original com legendas em portugu\u00eas no dia <strong>17 de junho, \u00e0s 19 horas<\/strong>, no MIS Cine Santa Tereza (R. Estrela do Sul, 89, Santa Tereza). A entrada \u00e9 franca, sujeita a lota\u00e7\u00e3o.<\/p>\n<p>Todas as informa\u00e7\u00f5es sobre a programa\u00e7a\u00f5 da Semana da Europa podem ser encontradas no site <a href=\"https:\/\/www.semanadaeuropa.org\/\">https:\/\/www.semanadaeuropa.org\/<\/a>; confira a programa\u00e7\u00e3o de BH na se\u00e7\u00e3o: <a href=\"https:\/\/www.semanadaeuropa.org\/belo-horizonte\">https:\/\/www.semanadaeuropa.org\/belo-horizonte<\/a><\/p>\n<p>Aguardamos voc\u00eas!<\/p>\n","protected":false},"excerpt":{"rendered":"No \u00e2mbito da Mostra de Cinema \u201cDemocracia em Cena\u201d organizada pela ocasi\u00e3o da Semana da Europa, o p\u00fablico poder\u00e1 assistir ao filme italiano \u201cLa Mafia Uccide Solo d\u2019Estate\u201d, de PIF. Ambientado na Sic\u00edlia contempor\u00e2nea, o filme \u00e9 o conto tragic\u00f4mico da vida de Arturo, que desde jovem cruza o caminho da m\u00e1fia. Ele \u00e9 uma [&hellip;]","protected":false},"author":1,"featured_media":0,"comment_status":"","ping_status":"","sticky":false,"template":"","format":"standard","meta":{"footnotes":""},"tags":[],"class_list":["post-1132","post","type-post","status-publish","format-standard","hentry"],"_links":{"self":[{"href":"https:\/\/consbelohorizonte.esteri.it\/pt\/wp-json\/wp\/v2\/posts\/1132","targetHints":{"allow":["GET"]}}],"collection":[{"href":"https:\/\/consbelohorizonte.esteri.it\/pt\/wp-json\/wp\/v2\/posts"}],"about":[{"href":"https:\/\/consbelohorizonte.esteri.it\/pt\/wp-json\/wp\/v2\/types\/post"}],"author":[{"embeddable":true,"href":"https:\/\/consbelohorizonte.esteri.it\/pt\/wp-json\/wp\/v2\/users\/1"}],"replies":[{"embeddable":true,"href":"https:\/\/consbelohorizonte.esteri.it\/pt\/wp-json\/wp\/v2\/comments?post=1132"}],"version-history":[{"count":0,"href":"https:\/\/consbelohorizonte.esteri.it\/pt\/wp-json\/wp\/v2\/posts\/1132\/revisions"}],"wp:attachment":[{"href":"https:\/\/consbelohorizonte.esteri.it\/pt\/wp-json\/wp\/v2\/media?parent=1132"}],"wp:term":[{"taxonomy":"post_tag","embeddable":true,"href":"https:\/\/consbelohorizonte.esteri.it\/pt\/wp-json\/wp\/v2\/tags?post=1132"}],"curies":[{"name":"wp","href":"https:\/\/api.w.org\/{rel}","templated":true}]}}