{"id":1130,"date":"2018-05-05T17:45:54","date_gmt":"2018-05-05T15:45:54","guid":{"rendered":"https:\/\/consbelohorizonte.esteri.it\/news\/dal_consolato\/2018\/05\/8-seminario-dell-emigrazione-italiana-2\/"},"modified":"2018-05-05T17:45:54","modified_gmt":"2018-05-05T15:45:54","slug":"8-seminario-dell-emigrazione-italiana-2","status":"publish","type":"post","link":"https:\/\/consbelohorizonte.esteri.it\/pt\/news\/dal_consolato\/2018\/05\/8-seminario-dell-emigrazione-italiana-2\/","title":{"rendered":"8\u00ba SEMIN\u00c1RIO IMIGRA\u00c7\u00c3O ITALIANA EM MG &#8211; INSCRI\u00c7\u00d5ES ABERTAS"},"content":{"rendered":"<p><strong>8\u00ba SEMIN\u00c1RIO IMIGRA\u00c7\u00c3O ITALIANA EM MG &#8212; INSCRI\u00c7\u00d5ES ABERTAS PARA OS MINICURSOS:<br \/>\u2022 INICIA\u00c7\u00c3O \u00c0 PESQUISA GENEAL\u00d3GICA DE FAM\u00cdLIAS ITALIANAS.<br \/>\u2022 INTRODU\u00c7\u00c3O \u00c0 METODOLOGIA DA HIST\u00d3RIA ORAL<br \/><\/strong><\/p>\n<p>Data: 28, 29 e 30\/05\/2018<br \/>Local: Audit\u00f3rio do Hub Minas Digital, Pr\u00e9dio Rainha da Sucata &#8211; Pra\u00e7a da Liberdade.<br \/>Inscri\u00e7\u00f5es gratuitas: de 02 a 20 de maio limitadas \u00e0 disponibilidade de vagas<\/p>\n<p>no site: <a href=\"http:\/\/www.ponteentreculturas.com.br\/seminario2018\">www.ponteentreculturas.com.br\/seminario2018<\/a><\/p>\n<p>ou pelo email: seminarioimigracaoitalianamg@gmail.com<\/p>\n<p><strong>INICIA\u00c7\u00c3O \u00c0 PESQUISA GENEAL\u00d3GICA DE FAM\u00cdLIAS ITALIANAS<\/strong><br \/>Hor\u00e1rio: 17 \u00e0s 19h<br \/>Ser\u00e3o apresentadas as peculiaridades da pesquisa geneal\u00f3gica relativa a fam\u00edlias de origem italiana, informa\u00e7\u00f5es sobre fontes dispon\u00edveis e ferramentas \u00fateis, dando ao participante condi\u00e7\u00f5es para iniciar a desenvolver suas pesquisas geneal\u00f3gicas.<br \/>Ministrante: Stanley Savoretti de Souza. Bacharel em Direito pela Universidade FUMEC. Genealogista, S\u00f3cio da Ass. Bras. Pesquisadores de Hist\u00f3ria e Genealogia e do Instituto Hist\u00f3rico e Geogr\u00e1fico de MG.<br \/>Confira o programa: <a href=\"https:\/\/goo.gl\/xwnkSD\">https:\/\/goo.gl\/xwnkSD<\/a><\/p>\n<p><strong>INTRODU\u00c7\u00c3O \u00c0 METODOLOGIA DA HIST\u00d3RIA ORAL<\/strong><br \/>Hor\u00e1rio: 19 \u00e0s 21h<br \/>Pretende introduzir a hist\u00f3ria oral \u2013 fonte\/t\u00e9cnica\/m\u00e9todo -, discutindo algumas das quest\u00f5es mais comumente enfrentadas no seu uso em pesquisas, numa perspectiva multidisciplinar; os aspectos metodol\u00f3gicos e t\u00e9cnicos do trabalho com fontes orais, sobretudo a pr\u00e1tica de entrevista e a interpreta\u00e7\u00e3o do material.<br \/>Ministrante: Aparecida Maciel da Silva Shikida. Graduada em Hist\u00f3ria pela UFMG, Doutora em Ci\u00eancias da Informa\u00e7\u00e3o pela UFMG. Pesquisadora na Funda\u00e7\u00e3o Jo\u00e3o Pinheiro.<br \/>Confira o programa: <a href=\"https:\/\/goo.gl\/fXZfcQ\">https:\/\/goo.gl\/fXZfcQ<\/a><\/p>\n<p>Mais informa\u00e7\u00f5es: <a href=\"https:\/\/goo.gl\/pQmnLu\">https:\/\/goo.gl\/pQmnLu<\/a><\/p>\n<p><a href=\"http:\/\/www.facebook.com\/SeminarioImigracaoItalianaMG\">www.facebook.com\/SeminarioImigracaoItalianaMG<\/a> <br \/><a href=\"https:\/\/twitter.com\/ImigracaoMG\">https:\/\/twitter.com\/ImigracaoMG<\/a> <br \/><a href=\"http:\/\/www.instagram.com\/imigracaomg\">www.instagram.com\/imigracaomg<\/a><\/p>\n","protected":false},"excerpt":{"rendered":"8\u00ba SEMIN\u00c1RIO IMIGRA\u00c7\u00c3O ITALIANA EM MG &#8212; INSCRI\u00c7\u00d5ES ABERTAS PARA OS MINICURSOS:\u2022 INICIA\u00c7\u00c3O \u00c0 PESQUISA GENEAL\u00d3GICA DE FAM\u00cdLIAS ITALIANAS.\u2022 INTRODU\u00c7\u00c3O \u00c0 METODOLOGIA DA HIST\u00d3RIA ORAL Data: 28, 29 e 30\/05\/2018Local: Audit\u00f3rio do Hub Minas Digital, Pr\u00e9dio Rainha da Sucata &#8211; Pra\u00e7a da Liberdade.Inscri\u00e7\u00f5es gratuitas: de 02 a 20 de maio limitadas \u00e0 disponibilidade de vagas [&hellip;]","protected":false},"author":1,"featured_media":0,"comment_status":"","ping_status":"","sticky":false,"template":"","format":"standard","meta":{"footnotes":""},"tags":[],"class_list":["post-1130","post","type-post","status-publish","format-standard","hentry"],"_links":{"self":[{"href":"https:\/\/consbelohorizonte.esteri.it\/pt\/wp-json\/wp\/v2\/posts\/1130","targetHints":{"allow":["GET"]}}],"collection":[{"href":"https:\/\/consbelohorizonte.esteri.it\/pt\/wp-json\/wp\/v2\/posts"}],"about":[{"href":"https:\/\/consbelohorizonte.esteri.it\/pt\/wp-json\/wp\/v2\/types\/post"}],"author":[{"embeddable":true,"href":"https:\/\/consbelohorizonte.esteri.it\/pt\/wp-json\/wp\/v2\/users\/1"}],"replies":[{"embeddable":true,"href":"https:\/\/consbelohorizonte.esteri.it\/pt\/wp-json\/wp\/v2\/comments?post=1130"}],"version-history":[{"count":0,"href":"https:\/\/consbelohorizonte.esteri.it\/pt\/wp-json\/wp\/v2\/posts\/1130\/revisions"}],"wp:attachment":[{"href":"https:\/\/consbelohorizonte.esteri.it\/pt\/wp-json\/wp\/v2\/media?parent=1130"}],"wp:term":[{"taxonomy":"post_tag","embeddable":true,"href":"https:\/\/consbelohorizonte.esteri.it\/pt\/wp-json\/wp\/v2\/tags?post=1130"}],"curies":[{"name":"wp","href":"https:\/\/api.w.org\/{rel}","templated":true}]}}