{"id":1128,"date":"2018-05-05T18:07:57","date_gmt":"2018-05-05T16:07:57","guid":{"rendered":"https:\/\/consbelohorizonte.esteri.it\/news\/dal_consolato\/2018\/05\/partecipazione-italiana-al-festival-2\/"},"modified":"2018-05-05T18:07:57","modified_gmt":"2018-05-05T16:07:57","slug":"partecipazione-italiana-al-festival-2","status":"publish","type":"post","link":"https:\/\/consbelohorizonte.esteri.it\/pt\/news\/dal_consolato\/2018\/05\/partecipazione-italiana-al-festival-2\/","title":{"rendered":"A ITALIA PARTICIPA DO FIQ &#8211; FESTIVAL INTERNACIONAL DE QUADRINHOS"},"content":{"rendered":"<p>Considerado o evento mais importante das Am\u00e9ricas na \u00e1rea de quadrinhos e desenhos animados, superando at\u00e9 mesmo o n\u00famero de participantes &#8211; mais de 140.000 &#8211; do celeberrimo San Diego Comics-Con, na Calif\u00f3rnia, o <strong>Festival Internacional de Quadrinhos de BH<\/strong> j\u00e1 chegou este ano \u00e0 sua d\u00e9cima edi\u00e7\u00e3o, organizado, como sempre, pela Funda\u00e7\u00e3o Municipal de Cultura da Prefeitura de Belo Horizonte.<\/p>\n<p>Herdeiro da Bienal Internacional de Quadrinhos, que aconteceu at\u00e9 1997 no Rio de Janeiro, mantendo o mesmo esp\u00edrito e bienal, o FIQ (esta sua sigla) n\u00e3o \u00e9 apenas uma exposi\u00e7\u00e3o de quadrinhos de alt\u00edssimo n\u00edvel, com a presen\u00e7a de artistas de renome internacional, mas tamb\u00e9m abriga uma das mais importantes feiras do ramo das publica\u00e7\u00f5es, sess\u00f5es de v\u00eddeos tem\u00e1ticos, palestras, mesas redondas e at\u00e9 mesmo minicursos e laborat\u00f3rios, a fim de aprender o b\u00e1sico desta magn\u00edfica arte.<\/p>\n<p>Este ano, <strong>a presen\u00e7a italiana no FIQ \u00e9 verdadeiramente excepcional<\/strong>: gra\u00e7as \u00e0 colabora\u00e7\u00e3o do Consulado da It\u00e1lia em Belo Horizonte, convidados especiais que representam uma grande tradi\u00e7\u00e3o hist\u00f3rica nacional na \u00e1rea dos quadrinhos (como por exemplo Gianluigi Bonelli e sua Tex, ou Hugo Pratt Corto Maltese, Tiziano Sclavi com Dylan Dog, Milo Manara com sua sensual Valentina, ou irm\u00e3s Giussani com Diabolik, e depois Jacovitti, Altan, Crepax &#8230;) ser\u00e3o <strong>Zerocalcare<\/strong> e <strong>Mario Alberti<\/strong>, artistas de enorme sucesso na Italia e muito amados tamb\u00e9m pelo p\u00fablico lus\u00f3fono.<\/p>\n<p>Em particular Zerocalcare, cujo quadrinho &#8220;Kobane calling&#8221; \u00e9 dispon\u00edvel desde o ano passado, tamb\u00e9m no Brasil pela editora Nemo, gra\u00e7as \u00e0 tradu\u00e7\u00e3o de Fernando Scheibe, vai encontrar seu p\u00fablico brasileiro em 1 de Junho na Casa de Cultura FIAT, num evento chamado &#8220;<strong>Hist\u00f3ria em Quadrinhos<\/strong>\u201d.<\/p>\n<p>O Consulado convida portanto seu p\u00fablico para dois eventos absolutamente imperd\u00edveis, e ambos gratuitos:<\/p>\n<p>1) <strong>Festival Internacional de Quadrinhos<\/strong>, de 30 de maio a 3 de junho, na <strong>Serraria Souza Pinto<\/strong> &#8211; Av. Assis Chateaubriand, 809 &#8211; Floresta, 30150-101 Belo Horizonte; site: <a href=\"http:\/\/www.fiq.pbh.gov.br\">http:\/\/www.fiq.pbh.gov.br<\/a><\/p>\n<p>2) \u201c<strong>Hist\u00f3ria em Quadrinhos<\/strong>\u201d, no dia 1\u00ba de junho, na <strong>Casa FIAT de Cultura<\/strong>; site: <a href=\"http:\/\/www.casafiatdecultura.com.br\/\">http:\/\/www.casafiatdecultura.com.br\/<\/a><\/p>\n<p>\u00a0<\/p>\n<p><img decoding=\"async\" alt=\"fiq chancela site\" src=\"resource\/img\/2018\/05\/fiq_chancela_site.png\" \/><\/p>\n<p>\u00a0<\/p>\n<p>\u00a0<\/p>\n<p>\u00a0<\/p>\n","protected":false},"excerpt":{"rendered":"Considerado o evento mais importante das Am\u00e9ricas na \u00e1rea de quadrinhos e desenhos animados, superando at\u00e9 mesmo o n\u00famero de participantes &#8211; mais de 140.000 &#8211; do celeberrimo San Diego Comics-Con, na Calif\u00f3rnia, o Festival Internacional de Quadrinhos de BH j\u00e1 chegou este ano \u00e0 sua d\u00e9cima edi\u00e7\u00e3o, organizado, como sempre, pela Funda\u00e7\u00e3o Municipal de [&hellip;]","protected":false},"author":1,"featured_media":0,"comment_status":"","ping_status":"","sticky":false,"template":"","format":"standard","meta":{"footnotes":""},"tags":[],"class_list":["post-1128","post","type-post","status-publish","format-standard","hentry"],"_links":{"self":[{"href":"https:\/\/consbelohorizonte.esteri.it\/pt\/wp-json\/wp\/v2\/posts\/1128","targetHints":{"allow":["GET"]}}],"collection":[{"href":"https:\/\/consbelohorizonte.esteri.it\/pt\/wp-json\/wp\/v2\/posts"}],"about":[{"href":"https:\/\/consbelohorizonte.esteri.it\/pt\/wp-json\/wp\/v2\/types\/post"}],"author":[{"embeddable":true,"href":"https:\/\/consbelohorizonte.esteri.it\/pt\/wp-json\/wp\/v2\/users\/1"}],"replies":[{"embeddable":true,"href":"https:\/\/consbelohorizonte.esteri.it\/pt\/wp-json\/wp\/v2\/comments?post=1128"}],"version-history":[{"count":0,"href":"https:\/\/consbelohorizonte.esteri.it\/pt\/wp-json\/wp\/v2\/posts\/1128\/revisions"}],"wp:attachment":[{"href":"https:\/\/consbelohorizonte.esteri.it\/pt\/wp-json\/wp\/v2\/media?parent=1128"}],"wp:term":[{"taxonomy":"post_tag","embeddable":true,"href":"https:\/\/consbelohorizonte.esteri.it\/pt\/wp-json\/wp\/v2\/tags?post=1128"}],"curies":[{"name":"wp","href":"https:\/\/api.w.org\/{rel}","templated":true}]}}