{"id":1126,"date":"2018-05-13T18:43:04","date_gmt":"2018-05-13T16:43:04","guid":{"rendered":"https:\/\/consbelohorizonte.esteri.it\/news\/dal_consolato\/2018\/05\/mercoledi-italiani-alla-casa-fiat-2\/"},"modified":"2018-05-13T18:43:04","modified_gmt":"2018-05-13T16:43:04","slug":"mercoledi-italiani-alla-casa-fiat-2","status":"publish","type":"post","link":"https:\/\/consbelohorizonte.esteri.it\/pt\/news\/dal_consolato\/2018\/05\/mercoledi-italiani-alla-casa-fiat-2\/","title":{"rendered":"&#8220;Quartas Italianas&#8221; na Casa Fiat de Cultura &#8211; 16 de maio de 2018"},"content":{"rendered":"<p>N\u00e3o percam a proxima &#8220;Quarta Italiana&#8221; da Casa Fiat de Cultura, uma iniciativa que nasce da colabora\u00e7\u00e3o com a Funda\u00e7\u00e3o Torino e o Consulado da Italia.<br \/>Na proxima quarta, dia 16 de maio, \u00e0s 19.30,\u00a0falaremos sobre a influencia do\u00a0design italiano no cotidiano brasileiro com Peter Fassebender. Esperamos voc\u00eas l\u00e1!<\/p>\n<p><img decoding=\"async\" src=\"resource\/img\/2018\/05\/designitaliano_bannerfb-01.jpg\" alt=\"designitaliano bannerfb 01\" \/><\/p>\n","protected":false},"excerpt":{"rendered":"N\u00e3o percam a proxima &#8220;Quarta Italiana&#8221; da Casa Fiat de Cultura, uma iniciativa que nasce da colabora\u00e7\u00e3o com a Funda\u00e7\u00e3o Torino e o Consulado da Italia.Na proxima quarta, dia 16 de maio, \u00e0s 19.30,\u00a0falaremos sobre a influencia do\u00a0design italiano no cotidiano brasileiro com Peter Fassebender. Esperamos voc\u00eas l\u00e1!","protected":false},"author":1,"featured_media":0,"comment_status":"","ping_status":"","sticky":false,"template":"","format":"standard","meta":{"footnotes":""},"tags":[],"class_list":["post-1126","post","type-post","status-publish","format-standard","hentry"],"_links":{"self":[{"href":"https:\/\/consbelohorizonte.esteri.it\/pt\/wp-json\/wp\/v2\/posts\/1126","targetHints":{"allow":["GET"]}}],"collection":[{"href":"https:\/\/consbelohorizonte.esteri.it\/pt\/wp-json\/wp\/v2\/posts"}],"about":[{"href":"https:\/\/consbelohorizonte.esteri.it\/pt\/wp-json\/wp\/v2\/types\/post"}],"author":[{"embeddable":true,"href":"https:\/\/consbelohorizonte.esteri.it\/pt\/wp-json\/wp\/v2\/users\/1"}],"replies":[{"embeddable":true,"href":"https:\/\/consbelohorizonte.esteri.it\/pt\/wp-json\/wp\/v2\/comments?post=1126"}],"version-history":[{"count":0,"href":"https:\/\/consbelohorizonte.esteri.it\/pt\/wp-json\/wp\/v2\/posts\/1126\/revisions"}],"wp:attachment":[{"href":"https:\/\/consbelohorizonte.esteri.it\/pt\/wp-json\/wp\/v2\/media?parent=1126"}],"wp:term":[{"taxonomy":"post_tag","embeddable":true,"href":"https:\/\/consbelohorizonte.esteri.it\/pt\/wp-json\/wp\/v2\/tags?post=1126"}],"curies":[{"name":"wp","href":"https:\/\/api.w.org\/{rel}","templated":true}]}}