{"id":1119,"date":"2018-05-28T00:28:48","date_gmt":"2018-05-27T22:28:48","guid":{"rendered":"https:\/\/consbelohorizonte.esteri.it\/news\/dal_consolato\/2018\/05\/sciopero-nel-settore-trasporti-2\/"},"modified":"2018-05-28T00:28:48","modified_gmt":"2018-05-27T22:28:48","slug":"sciopero-nel-settore-trasporti-2","status":"publish","type":"post","link":"https:\/\/consbelohorizonte.esteri.it\/pt\/news\/dal_consolato\/2018\/05\/sciopero-nel-settore-trasporti-2\/","title":{"rendered":"Greve no setor do transporte &#8211; possiveis altera\u00e7\u00f5es no funcionamento do Consulado"},"content":{"rendered":"<p>Informa-se que, em raiz da situa\u00e7\u00e3o consequencia da greve no setor do transporte, nos proximos dias os servi\u00e7os consulares poderiam ter atrasos ou altera\u00e7\u00f5es. Pedimos a compreens\u00e3o dos que tiverem visita agendada.<\/p>\n<p>\u00a0<\/p>\n<p>\u00a0<\/p>\n","protected":false},"excerpt":{"rendered":"Informa-se que, em raiz da situa\u00e7\u00e3o consequencia da greve no setor do transporte, nos proximos dias os servi\u00e7os consulares poderiam ter atrasos ou altera\u00e7\u00f5es. Pedimos a compreens\u00e3o dos que tiverem visita agendada. \u00a0 \u00a0","protected":false},"author":1,"featured_media":0,"comment_status":"","ping_status":"","sticky":false,"template":"","format":"standard","meta":{"footnotes":""},"tags":[],"class_list":["post-1119","post","type-post","status-publish","format-standard","hentry"],"_links":{"self":[{"href":"https:\/\/consbelohorizonte.esteri.it\/pt\/wp-json\/wp\/v2\/posts\/1119","targetHints":{"allow":["GET"]}}],"collection":[{"href":"https:\/\/consbelohorizonte.esteri.it\/pt\/wp-json\/wp\/v2\/posts"}],"about":[{"href":"https:\/\/consbelohorizonte.esteri.it\/pt\/wp-json\/wp\/v2\/types\/post"}],"author":[{"embeddable":true,"href":"https:\/\/consbelohorizonte.esteri.it\/pt\/wp-json\/wp\/v2\/users\/1"}],"replies":[{"embeddable":true,"href":"https:\/\/consbelohorizonte.esteri.it\/pt\/wp-json\/wp\/v2\/comments?post=1119"}],"version-history":[{"count":0,"href":"https:\/\/consbelohorizonte.esteri.it\/pt\/wp-json\/wp\/v2\/posts\/1119\/revisions"}],"wp:attachment":[{"href":"https:\/\/consbelohorizonte.esteri.it\/pt\/wp-json\/wp\/v2\/media?parent=1119"}],"wp:term":[{"taxonomy":"post_tag","embeddable":true,"href":"https:\/\/consbelohorizonte.esteri.it\/pt\/wp-json\/wp\/v2\/tags?post=1119"}],"curies":[{"name":"wp","href":"https:\/\/api.w.org\/{rel}","templated":true}]}}