{"id":1117,"date":"2018-05-30T16:52:20","date_gmt":"2018-05-30T14:52:20","guid":{"rendered":"https:\/\/consbelohorizonte.esteri.it\/news\/dal_consolato\/2018\/05\/servizio-di-risposta-alle-telefonate-2\/"},"modified":"2018-05-30T16:52:20","modified_gmt":"2018-05-30T14:52:20","slug":"servizio-di-risposta-alle-telefonate-2","status":"publish","type":"post","link":"https:\/\/consbelohorizonte.esteri.it\/pt\/news\/dal_consolato\/2018\/05\/servizio-di-risposta-alle-telefonate-2\/","title":{"rendered":"Atendimento telefonico no dia 31\/05\/2018"},"content":{"rendered":"<p>Quinta-feira 31\/05\/2018, de forma excepcional, o servi\u00e7o de atendimento telefonico, previsto das 14 \u00e0s 16 horas, n\u00e3o estar\u00e1 disponivel. Pedimos desculpas por qualquer inconveniente e convidamos nosso publico para consultar nossa p\u00e1gina da web em caso de duvidas.<\/p>\n","protected":false},"excerpt":{"rendered":"Quinta-feira 31\/05\/2018, de forma excepcional, o servi\u00e7o de atendimento telefonico, previsto das 14 \u00e0s 16 horas, n\u00e3o estar\u00e1 disponivel. Pedimos desculpas por qualquer inconveniente e convidamos nosso publico para consultar nossa p\u00e1gina da web em caso de duvidas.","protected":false},"author":1,"featured_media":0,"comment_status":"","ping_status":"","sticky":false,"template":"","format":"standard","meta":{"footnotes":""},"tags":[],"class_list":["post-1117","post","type-post","status-publish","format-standard","hentry"],"_links":{"self":[{"href":"https:\/\/consbelohorizonte.esteri.it\/pt\/wp-json\/wp\/v2\/posts\/1117","targetHints":{"allow":["GET"]}}],"collection":[{"href":"https:\/\/consbelohorizonte.esteri.it\/pt\/wp-json\/wp\/v2\/posts"}],"about":[{"href":"https:\/\/consbelohorizonte.esteri.it\/pt\/wp-json\/wp\/v2\/types\/post"}],"author":[{"embeddable":true,"href":"https:\/\/consbelohorizonte.esteri.it\/pt\/wp-json\/wp\/v2\/users\/1"}],"replies":[{"embeddable":true,"href":"https:\/\/consbelohorizonte.esteri.it\/pt\/wp-json\/wp\/v2\/comments?post=1117"}],"version-history":[{"count":0,"href":"https:\/\/consbelohorizonte.esteri.it\/pt\/wp-json\/wp\/v2\/posts\/1117\/revisions"}],"wp:attachment":[{"href":"https:\/\/consbelohorizonte.esteri.it\/pt\/wp-json\/wp\/v2\/media?parent=1117"}],"wp:term":[{"taxonomy":"post_tag","embeddable":true,"href":"https:\/\/consbelohorizonte.esteri.it\/pt\/wp-json\/wp\/v2\/tags?post=1117"}],"curies":[{"name":"wp","href":"https:\/\/api.w.org\/{rel}","templated":true}]}}