{"id":1111,"date":"2018-06-26T16:03:39","date_gmt":"2018-06-26T14:03:39","guid":{"rendered":"https:\/\/consbelohorizonte.esteri.it\/news\/dal_consolato\/2018\/06\/informativa-corso-origini-italia-2\/"},"modified":"2018-06-26T16:03:39","modified_gmt":"2018-06-26T14:03:39","slug":"informativa-corso-origini-italia-2","status":"publish","type":"post","link":"https:\/\/consbelohorizonte.esteri.it\/pt\/news\/dal_consolato\/2018\/06\/informativa-corso-origini-italia-2\/","title":{"rendered":"CURSO DE FORMA\u00c7\u00c3O &#8220;ORIGINI ITALIA&#8221; ANO DE 2018, DESTINADOS A DESCENDETES DE ITALIANOS, PROMOVIDO PELA MIB (ESCOLA INTERNACIONAL DE ALTA GEST\u00c3O MANAGERIAL) E A AG\u00caNCIA ITA (AG\u00caNCIA DE COM\u00c9RCIO ITALIANA)"},"content":{"rendered":"<p>O curso de forma\u00e7\u00e3o gerencial &#8220;Origini Italia&#8221;, organizado pela Escola de Administra\u00e7\u00e3o MIB de Trieste, com o patroc\u00ednio<br \/>deste governo, destinado a jovens descendentes de emigrantes italianos residentes no exterior, com in\u00edcio previsto para 29 de outubro at\u00e9 06 de abril de 2019. O prazo da incri\u00e7\u00e3o \u00e9 at\u00e9 31 de maio de 2018.<\/p>\n","protected":false},"excerpt":{"rendered":"O curso de forma\u00e7\u00e3o gerencial &#8220;Origini Italia&#8221;, organizado pela Escola de Administra\u00e7\u00e3o MIB de Trieste, com o patroc\u00edniodeste governo, destinado a jovens descendentes de emigrantes italianos residentes no exterior, com in\u00edcio previsto para 29 de outubro at\u00e9 06 de abril de 2019. O prazo da incri\u00e7\u00e3o \u00e9 at\u00e9 31 de maio de 2018.","protected":false},"author":1,"featured_media":0,"comment_status":"","ping_status":"","sticky":false,"template":"","format":"standard","meta":{"footnotes":""},"tags":[],"class_list":["post-1111","post","type-post","status-publish","format-standard","hentry"],"_links":{"self":[{"href":"https:\/\/consbelohorizonte.esteri.it\/pt\/wp-json\/wp\/v2\/posts\/1111","targetHints":{"allow":["GET"]}}],"collection":[{"href":"https:\/\/consbelohorizonte.esteri.it\/pt\/wp-json\/wp\/v2\/posts"}],"about":[{"href":"https:\/\/consbelohorizonte.esteri.it\/pt\/wp-json\/wp\/v2\/types\/post"}],"author":[{"embeddable":true,"href":"https:\/\/consbelohorizonte.esteri.it\/pt\/wp-json\/wp\/v2\/users\/1"}],"replies":[{"embeddable":true,"href":"https:\/\/consbelohorizonte.esteri.it\/pt\/wp-json\/wp\/v2\/comments?post=1111"}],"version-history":[{"count":0,"href":"https:\/\/consbelohorizonte.esteri.it\/pt\/wp-json\/wp\/v2\/posts\/1111\/revisions"}],"wp:attachment":[{"href":"https:\/\/consbelohorizonte.esteri.it\/pt\/wp-json\/wp\/v2\/media?parent=1111"}],"wp:term":[{"taxonomy":"post_tag","embeddable":true,"href":"https:\/\/consbelohorizonte.esteri.it\/pt\/wp-json\/wp\/v2\/tags?post=1111"}],"curies":[{"name":"wp","href":"https:\/\/api.w.org\/{rel}","templated":true}]}}