{"id":1109,"date":"2018-07-13T14:13:32","date_gmt":"2018-07-13T12:13:32","guid":{"rendered":"https:\/\/consbelohorizonte.esteri.it\/news\/dal_consolato\/2018\/07\/xii-festa-d-italia-a-belo-horizonte-2\/"},"modified":"2018-07-13T14:13:32","modified_gmt":"2018-07-13T12:13:32","slug":"xii-festa-d-italia-a-belo-horizonte-2","status":"publish","type":"post","link":"https:\/\/consbelohorizonte.esteri.it\/pt\/news\/dal_consolato\/2018\/07\/xii-festa-d-italia-a-belo-horizonte-2\/","title":{"rendered":"XII FESTA D&#8217;ITALIA A BELO HORIZONTE"},"content":{"rendered":"<p><img decoding=\"async\" alt=\"festa da itlia\" src=\"resource\/doc\/2018\/07\/festa_da_itlia.jpg\" \/><\/p>\n<\/p>\n<p style=\"text-align: justify;\">Aconteceu no dia primeiro de julho a 12\u00aa edi\u00e7\u00e3o da tradicional Festa Italiana de Belo Horizonte, com o apoio do Consulado e\u00a0organiza\u00e7\u00e3o da ACIBRA-MG (Associa\u00e7\u00e3o Cultural Italo-Brasileira de Minas Gerais). A participa\u00e7\u00e3o do p\u00fablico foi extraordin\u00e1ria com cerca de 40 mil pessoas entre italianos, descendentes de italianos e apreciadores da cultura e gastronomia italianas.<\/p>\n<p style=\"text-align: justify;\">O evento, considerado uma das maiores festas desse tipo fora da It\u00e1lia, nasce do desejo de destacar a integra\u00e7\u00e3o da comunidade italiana e sua participa\u00e7\u00e3o ativa no desenvolvimento do Estado de Minas Gerais. Os alimentos doados ingressar no evento foram divididos entre organiza\u00e7\u00f5es de caridade com atividades beneficentes e volunt\u00e1rias em Minas Gerais.<\/p>\n<p style=\"text-align: justify;\">No discurso, o C\u00f4nsul Dario Savarese destacou o valioso papel desempenhado pela ACIBRA-MG no apoio \u00e0s atividades das institui\u00e7\u00f5es de benefici\u00eancia e voluntariado social. Tamb\u00e9m refor\u00e7ou o peso espec\u00edfico da comunidade italiana em Minas Gerais, din\u00e2mica, laboriosa, bem estabelecida no territ\u00f3rio e acima de tudo muito apreciada pelas autoridades locais. \u201cA nossa comunidade\u201d, disse tamb\u00e9m o c\u00f4nsul, \u201ccom seu trabalho, seus valores e sua cultura, participou significativamente do crescimento de Minas Gerais\u201d.<\/p>\n<p style=\"text-align: justify;\">O evento tamb\u00e9m contou com a presen\u00e7a de muitos membros do Sistema It\u00e1lia e das associa\u00e7\u00f5es italianas que atuam em Minas Gerais, como a Funda\u00e7\u00e3o Torino, a C\u00e2mara de Com\u00e9rcio \u00edtalo-brasileira de Minas Gerais e o \u2018Comites\u2019 do Estado de Minas Gerais.<\/p>\n","protected":false},"excerpt":{"rendered":"Aconteceu no dia primeiro de julho a 12\u00aa edi\u00e7\u00e3o da tradicional Festa Italiana de Belo Horizonte, com o apoio do Consulado e\u00a0organiza\u00e7\u00e3o da ACIBRA-MG (Associa\u00e7\u00e3o Cultural Italo-Brasileira de Minas Gerais). A participa\u00e7\u00e3o do p\u00fablico foi extraordin\u00e1ria com cerca de 40 mil pessoas entre italianos, descendentes de italianos e apreciadores da cultura e gastronomia italianas. O [&hellip;]","protected":false},"author":1,"featured_media":0,"comment_status":"","ping_status":"","sticky":false,"template":"","format":"standard","meta":{"footnotes":""},"tags":[],"class_list":["post-1109","post","type-post","status-publish","format-standard","hentry"],"_links":{"self":[{"href":"https:\/\/consbelohorizonte.esteri.it\/pt\/wp-json\/wp\/v2\/posts\/1109","targetHints":{"allow":["GET"]}}],"collection":[{"href":"https:\/\/consbelohorizonte.esteri.it\/pt\/wp-json\/wp\/v2\/posts"}],"about":[{"href":"https:\/\/consbelohorizonte.esteri.it\/pt\/wp-json\/wp\/v2\/types\/post"}],"author":[{"embeddable":true,"href":"https:\/\/consbelohorizonte.esteri.it\/pt\/wp-json\/wp\/v2\/users\/1"}],"replies":[{"embeddable":true,"href":"https:\/\/consbelohorizonte.esteri.it\/pt\/wp-json\/wp\/v2\/comments?post=1109"}],"version-history":[{"count":0,"href":"https:\/\/consbelohorizonte.esteri.it\/pt\/wp-json\/wp\/v2\/posts\/1109\/revisions"}],"wp:attachment":[{"href":"https:\/\/consbelohorizonte.esteri.it\/pt\/wp-json\/wp\/v2\/media?parent=1109"}],"wp:term":[{"taxonomy":"post_tag","embeddable":true,"href":"https:\/\/consbelohorizonte.esteri.it\/pt\/wp-json\/wp\/v2\/tags?post=1109"}],"curies":[{"name":"wp","href":"https:\/\/api.w.org\/{rel}","templated":true}]}}