{"id":1107,"date":"2018-07-16T20:05:13","date_gmt":"2018-07-16T18:05:13","guid":{"rendered":"https:\/\/consbelohorizonte.esteri.it\/news\/dal_consolato\/2018\/07\/nuovo-corrispondente-consolare-2\/"},"modified":"2018-07-16T20:05:13","modified_gmt":"2018-07-16T18:05:13","slug":"nuovo-corrispondente-consolare-2","status":"publish","type":"post","link":"https:\/\/consbelohorizonte.esteri.it\/pt\/news\/dal_consolato\/2018\/07\/nuovo-corrispondente-consolare-2\/","title":{"rendered":"Novo Correspondente Consular para Itabira &#8211; Vale do A\u00e7o"},"content":{"rendered":"<p style=\"text-align: left;\">Comunicamos que\u00a0o Minist\u00e9rio das\u00a0Rela\u00e7\u00f5es Exteriores e da Coopera\u00e7\u00e3o Internacional\u00a0autorizou\u00a0a confer\u00eancia do cargo de\u00a0 Correspondente Consular ao Sr. M\u00e1rio Araldi com compet\u00eancia\u00a0em toda a\u00a0circunscri\u00e7\u00e3o territorial da cidade de Itabira para\u00a0o \u201cVale do A\u00e7o\u201d a partir de 11 de julho de 2018.<\/p>\n<p style=\"text-align: left;\">Transcrevemos abaixo, para oportuno conhecimento,\u00a0o endere\u00e7o\u00a0e contatos\u00a0do novo correspondente consular:<\/p>\n<p>Sr. Mario Araldi<\/p>\n<p>Rua Jos\u00e9 Negr\u00e3o de Lima, 93 &#8211; Belvedere &#8211;<\/p>\n<p>CEP: 30320-280 &#8211; Belo Horizonte \/MG &#8211; Brasile<\/p>\n<p>Tel. +55 31 3286-1455<\/p>\n<p>Cell. +55 31 99225-0924<\/p>\n<p>Email marioaraldi@fermag.ind.br<\/p>\n","protected":false},"excerpt":{"rendered":"Comunicamos que\u00a0o Minist\u00e9rio das\u00a0Rela\u00e7\u00f5es Exteriores e da Coopera\u00e7\u00e3o Internacional\u00a0autorizou\u00a0a confer\u00eancia do cargo de\u00a0 Correspondente Consular ao Sr. M\u00e1rio Araldi com compet\u00eancia\u00a0em toda a\u00a0circunscri\u00e7\u00e3o territorial da cidade de Itabira para\u00a0o \u201cVale do A\u00e7o\u201d a partir de 11 de julho de 2018. Transcrevemos abaixo, para oportuno conhecimento,\u00a0o endere\u00e7o\u00a0e contatos\u00a0do novo correspondente consular: Sr. Mario Araldi Rua Jos\u00e9 [&hellip;]","protected":false},"author":1,"featured_media":0,"comment_status":"","ping_status":"","sticky":false,"template":"","format":"standard","meta":{"footnotes":""},"tags":[],"class_list":["post-1107","post","type-post","status-publish","format-standard","hentry"],"_links":{"self":[{"href":"https:\/\/consbelohorizonte.esteri.it\/pt\/wp-json\/wp\/v2\/posts\/1107","targetHints":{"allow":["GET"]}}],"collection":[{"href":"https:\/\/consbelohorizonte.esteri.it\/pt\/wp-json\/wp\/v2\/posts"}],"about":[{"href":"https:\/\/consbelohorizonte.esteri.it\/pt\/wp-json\/wp\/v2\/types\/post"}],"author":[{"embeddable":true,"href":"https:\/\/consbelohorizonte.esteri.it\/pt\/wp-json\/wp\/v2\/users\/1"}],"replies":[{"embeddable":true,"href":"https:\/\/consbelohorizonte.esteri.it\/pt\/wp-json\/wp\/v2\/comments?post=1107"}],"version-history":[{"count":0,"href":"https:\/\/consbelohorizonte.esteri.it\/pt\/wp-json\/wp\/v2\/posts\/1107\/revisions"}],"wp:attachment":[{"href":"https:\/\/consbelohorizonte.esteri.it\/pt\/wp-json\/wp\/v2\/media?parent=1107"}],"wp:term":[{"taxonomy":"post_tag","embeddable":true,"href":"https:\/\/consbelohorizonte.esteri.it\/pt\/wp-json\/wp\/v2\/tags?post=1107"}],"curies":[{"name":"wp","href":"https:\/\/api.w.org\/{rel}","templated":true}]}}