{"id":1066,"date":"2018-12-17T11:40:32","date_gmt":"2018-12-17T10:40:32","guid":{"rendered":"https:\/\/consbelohorizonte.esteri.it\/news\/dal_consolato\/2018\/12\/bando-di-selezione-incontro-giovani-2\/"},"modified":"2018-12-17T11:40:32","modified_gmt":"2018-12-17T10:40:32","slug":"bando-di-selezione-incontro-giovani-2","status":"publish","type":"post","link":"https:\/\/consbelohorizonte.esteri.it\/pt\/news\/dal_consolato\/2018\/12\/bando-di-selezione-incontro-giovani-2\/","title":{"rendered":"BANDO DI SELEZIONE INCONTRO GIOVANI ITALIANI IN BRASILE."},"content":{"rendered":"<p><img decoding=\"async\" style=\"margin-right: auto; margin-left: auto; display: block;\" src=\"resource\/img\/2018\/12\/cigie_2_novo.png\" alt=\"cigie 2 novo\" \/><\/p>\n<p>Il Consiglio Generale degli Italiani all&#8217;Estero &#8211; CGIE terr\u00e0 a Palermo il 1\u00b0 Seminario della Giovent\u00f9 Italiana nel Mondo (16-19 Aprile 2019), con la partecipazione di circa 100 giovani Italiani provenienti da tutto il mondo. L&#8217;obiettivo dell&#8217;evento \u00e8 stimolare la creazione<br \/>di una rete di giovani impegnati e attivi all&#8217;estero, che condividano azioni per lo sviluppo delle comunit\u00e0 italiane fuori dall&#8217;Italia.<\/p>\n<p>La discussione sar\u00e0 organizzata per grandi temi:<\/p>\n<p>1) Identit\u00e0 e Multiculturalismo<\/p>\n<p>2) Informazione e Comunicazione<\/p>\n<p>3) Lingua e Cultura<\/p>\n<p>4) Mondo del Lavoro e Lavoro nel Mondo<\/p>\n<p>5) Partecipazione e Rappresentanza<\/p>\n<p>In vista del seminario che si terr\u00e0 a Palermo, i Comitati degli Italiani all&#8217;Estero &#8211; COMITES presenti in Brasile, in collaborazione con l&#8217;Ambasciata d&#8217;Italia, stanno organizzando un incontro nazionale preparatorio di giovani italiani, che si terr\u00e0 il giorno 2 febbraio 2019, per promuovere un&#8217;ampia riflessione su vari temi di attualit\u00e0 e far emergere idee volte a rafforzare il vincolo con il paese d&#8217;origine.<\/p>\n<p>Il Comites Brasilia, in qualit\u00e0 di rappresentante per il territorio che comprende gli Stati di Goi\u00e1s, Tocantins, Amazonas, Roraima, Amap\u00e1, Par\u00e1 e Distrito Federal, \u00e8 responsabile per la selezione di due giovani del DF che saranno invitati a partecipare all&#8217;incontro nazionale in cui sar\u00e0 scelto il rappresentante che parteciper\u00e0 al seminario di Palermo.<\/p>\n<p>Per maggiori informazioni vi invitiamo a consultare il Bando allegato e indirizzo <a href=\"mailto:comites.brasilia@gmail.com\">comites.brasilia@gmail.com<\/a><\/p>\n<p>\u00a0<\/p>\n","protected":false},"excerpt":{"rendered":"Il Consiglio Generale degli Italiani all&#8217;Estero &#8211; CGIE terr\u00e0 a Palermo il 1\u00b0 Seminario della Giovent\u00f9 Italiana nel Mondo (16-19 Aprile 2019), con la partecipazione di circa 100 giovani Italiani provenienti da tutto il mondo. L&#8217;obiettivo dell&#8217;evento \u00e8 stimolare la creazionedi una rete di giovani impegnati e attivi all&#8217;estero, che condividano azioni per lo sviluppo [&hellip;]","protected":false},"author":1,"featured_media":0,"comment_status":"","ping_status":"","sticky":false,"template":"","format":"standard","meta":{"footnotes":""},"tags":[],"class_list":["post-1066","post","type-post","status-publish","format-standard","hentry"],"_links":{"self":[{"href":"https:\/\/consbelohorizonte.esteri.it\/pt\/wp-json\/wp\/v2\/posts\/1066","targetHints":{"allow":["GET"]}}],"collection":[{"href":"https:\/\/consbelohorizonte.esteri.it\/pt\/wp-json\/wp\/v2\/posts"}],"about":[{"href":"https:\/\/consbelohorizonte.esteri.it\/pt\/wp-json\/wp\/v2\/types\/post"}],"author":[{"embeddable":true,"href":"https:\/\/consbelohorizonte.esteri.it\/pt\/wp-json\/wp\/v2\/users\/1"}],"replies":[{"embeddable":true,"href":"https:\/\/consbelohorizonte.esteri.it\/pt\/wp-json\/wp\/v2\/comments?post=1066"}],"version-history":[{"count":0,"href":"https:\/\/consbelohorizonte.esteri.it\/pt\/wp-json\/wp\/v2\/posts\/1066\/revisions"}],"wp:attachment":[{"href":"https:\/\/consbelohorizonte.esteri.it\/pt\/wp-json\/wp\/v2\/media?parent=1066"}],"wp:term":[{"taxonomy":"post_tag","embeddable":true,"href":"https:\/\/consbelohorizonte.esteri.it\/pt\/wp-json\/wp\/v2\/tags?post=1066"}],"curies":[{"name":"wp","href":"https:\/\/api.w.org\/{rel}","templated":true}]}}