{"id":1062,"date":"2018-12-18T19:46:31","date_gmt":"2018-12-18T18:46:31","guid":{"rendered":"https:\/\/consbelohorizonte.esteri.it\/news\/dal_consolato\/2018\/12\/o-consul-dario-savarese-recebe-2\/"},"modified":"2018-12-18T19:46:31","modified_gmt":"2018-12-18T18:46:31","slug":"o-consul-dario-savarese-recebe-2","status":"publish","type":"post","link":"https:\/\/consbelohorizonte.esteri.it\/pt\/news\/dal_consolato\/2018\/12\/o-consul-dario-savarese-recebe-2\/","title":{"rendered":"O C\u00f4nsul Dario Savarese recebe o t\u00edtulo de Cidad\u00e3o Hon\u00e1rio de Belo Horizonte"},"content":{"rendered":"<p>Nesta \u00faltima ter\u00e7a-feira, dia 11 de dezembro, o C\u00f4nsul da It\u00e1lia em Minas Gerais, recebeu a honraria na C\u00e2mara Municipal por indica\u00e7\u00e3o da Vereadora Marilda Portela.<\/p>\n<p>Em seu discurso Dario Savarese agradeceu pela entrega do T\u00edtulo de Cidadania Honor\u00e1ria que interpretou como apoio pelo seu trabalho e uma manifesta\u00e7\u00e3o de amizade com a It\u00e1lia.<\/p>\n<p>Se declarou novo filho da cidade de Belo Horizonte e contou das express\u00f5es t\u00edpicas mineiras que j\u00e1 aprendeu; valorizou a regi\u00e3o e o Museu da Pampulha, \u201conde a natureza encontra a arte\u201d; lembrou do charmoso bairro da Savassi, das t\u00edpicas lojinhas na Galeria Ouvidor, do Mercado Central e seus botecos que oferecem um \u00f3timo f\u00edgado acebolado.<\/p>\n<p>Acrescentou que a cidade deu para ele, desde o in\u00edcio, a impress\u00e3o de estar em casa; foi ele mesmo que escolheu a cidade, para ser um lugar profissionalmente estimulante e uma \u00f3tima resid\u00eancia para sua fam\u00edlia. Encerrou declarando que compartilha o\u00a0reconhecimento com todos os funcion\u00e1rios do Consulado que foram elogiados pela dedica\u00e7\u00e3o e pela qualidade do trabalho.<\/p>\n<p>\u00a0<\/p>\n<p><img decoding=\"async\" src=\"resource\/img\/2018\/12\/console_e_collaboratori.jpg\" alt=\"console e collaboratori\" \/><\/p>\n<p>O C\u00f4nsul estava acompanhado pela sua esposa Irene, estavam tamb\u00e9m presentes a vereadora Marilda Portela que entregou o t\u00edtulo, o deputado estadual Leo Portela, Valentino Brasileira de Com\u00e9rcio com sua esposa Silvana, Manoel Guimar\u00e3es c\u00f4nsul honor\u00e1rio da Turquia e presidente do Corpo Consular de Minas, Silvana Sica presidente do Comites de Minas. Representando a Acibra estavam presentes Mario Araldi presidente honor\u00e1rio, o novo presidente Nino Bellini, o vice-presidente Giorgio Collina e Anisio Ciscotto ex vice-presidente da Associa\u00e7\u00e3o.<\/p>\n<p><img decoding=\"async\" src=\"resource\/img\/2018\/12\/console_con_il_diploma.jpg\" alt=\"console con il diploma\" \/><\/p>\n<p>\u00a0<\/p>\n","protected":false},"excerpt":{"rendered":"Nesta \u00faltima ter\u00e7a-feira, dia 11 de dezembro, o C\u00f4nsul da It\u00e1lia em Minas Gerais, recebeu a honraria na C\u00e2mara Municipal por indica\u00e7\u00e3o da Vereadora Marilda Portela. Em seu discurso Dario Savarese agradeceu pela entrega do T\u00edtulo de Cidadania Honor\u00e1ria que interpretou como apoio pelo seu trabalho e uma manifesta\u00e7\u00e3o de amizade com a It\u00e1lia. Se [&hellip;]","protected":false},"author":1,"featured_media":0,"comment_status":"","ping_status":"","sticky":false,"template":"","format":"standard","meta":{"footnotes":""},"tags":[],"class_list":["post-1062","post","type-post","status-publish","format-standard","hentry"],"_links":{"self":[{"href":"https:\/\/consbelohorizonte.esteri.it\/pt\/wp-json\/wp\/v2\/posts\/1062","targetHints":{"allow":["GET"]}}],"collection":[{"href":"https:\/\/consbelohorizonte.esteri.it\/pt\/wp-json\/wp\/v2\/posts"}],"about":[{"href":"https:\/\/consbelohorizonte.esteri.it\/pt\/wp-json\/wp\/v2\/types\/post"}],"author":[{"embeddable":true,"href":"https:\/\/consbelohorizonte.esteri.it\/pt\/wp-json\/wp\/v2\/users\/1"}],"replies":[{"embeddable":true,"href":"https:\/\/consbelohorizonte.esteri.it\/pt\/wp-json\/wp\/v2\/comments?post=1062"}],"version-history":[{"count":0,"href":"https:\/\/consbelohorizonte.esteri.it\/pt\/wp-json\/wp\/v2\/posts\/1062\/revisions"}],"wp:attachment":[{"href":"https:\/\/consbelohorizonte.esteri.it\/pt\/wp-json\/wp\/v2\/media?parent=1062"}],"wp:term":[{"taxonomy":"post_tag","embeddable":true,"href":"https:\/\/consbelohorizonte.esteri.it\/pt\/wp-json\/wp\/v2\/tags?post=1062"}],"curies":[{"name":"wp","href":"https:\/\/api.w.org\/{rel}","templated":true}]}}