{"id":784,"date":"2020-08-25T19:47:27","date_gmt":"2020-08-25T17:47:27","guid":{"rendered":"https:\/\/consbelohorizonte.esteri.it\/news\/dal_consolato\/2020\/08\/conferenza-citta-intelligenti-per\/"},"modified":"2020-08-25T19:47:27","modified_gmt":"2020-08-25T17:47:27","slug":"conferenza-citta-intelligenti-per","status":"publish","type":"post","link":"https:\/\/consbelohorizonte.esteri.it\/it\/news\/dal_consolato\/2020\/08\/conferenza-citta-intelligenti-per\/","title":{"rendered":"Conferenza: &#8220;Citt\u00e0 intelligenti per chi? Un altro Rinascimento per le citt\u00e0 del futuro\u201d, con l\u2019architetta italiana Carlotta Pinna (28 agosto alle 9:00 al vivo)"},"content":{"rendered":"<p>Il Consolato d&#8217;Italia a Belo Horizonte invita al secondo appuntamento del ciclo di conferenze sul tema delle Smart Cities, con designer e architetti italiani che vivono e lavorano in Brasile. Grazie alla partecipazione attiva dei propri cittadini, le Smart Cities si sviluppano utilizzando tecnologia e creativit\u00e0, rispettando i principi di sostenibilit\u00e0 ambientale.<\/p>\n<p>Venerd\u00ec 28 agosto alle ore 9:00 locali (le 14 in Italia) si terr\u00e0 la conferenza online \u201c<strong>Citt\u00e0 intelligenti per chi? Un altro Rinascimento per le citt\u00e0 del futuro<\/strong>\u201d, con l\u2019architetta italiana Carlotta Pinna.<\/p>\n<p>Isolamento sociale e lockdown, imposti dalla pandemia di coronavirus alle citt\u00e0 di tutto il mondo, hanno trasformato la routine di milioni di persone. In questo contesto, ogni giorno sorgono nuove e complesse sfide. \u201c<em>L&#8217;isolamento sociale di questi mesi \u00e8 stato un lusso per le \u00e9lite dei Paesi pi\u00f9 poveri o in via di sviluppo, dove la pandemia si \u00e8 diffusa con forza tra i pi\u00f9 vulnerabili<\/em>\u201d, commenta Pinna. \u201c<em>L&#8217;architettura e l&#8217;urbanistica possono avere soluzioni efficienti alle sfide del momento<\/em>\u201d.<\/p>\n<p>Gli incontri, realizzati in collaborazione con lo IED &#8211; Istituto Europeo di Design e Casa FIAT de Cultura, si svolgono in lingua portoghese dal vivo su Zoom e sono visualizzabili anche posteriormente sul canale Youtube di Casa Fiat de Cultura. Per maggiori informazioni e per accedere alla conferenza cliccare <strong><a href=\"https:\/\/www.sympla.com.br\/palestra--cidades-inteligentes-para-quem-um-outro-renascimento-para-as-cidades-do-futuro__932022\">qui<\/a><\/strong>.<\/p>\n","protected":false},"excerpt":{"rendered":"Il Consolato d&#8217;Italia a Belo Horizonte invita al secondo appuntamento del ciclo di conferenze sul tema delle Smart Cities, con designer e architetti italiani che vivono e lavorano in Brasile. Grazie alla partecipazione attiva dei propri cittadini, le Smart Cities si sviluppano utilizzando tecnologia e creativit\u00e0, rispettando i principi di sostenibilit\u00e0 ambientale. Venerd\u00ec 28 agosto [&hellip;]","protected":false},"author":1,"featured_media":0,"comment_status":"","ping_status":"","sticky":false,"template":"","format":"standard","meta":{"footnotes":""},"tags":[],"class_list":["post-784","post","type-post","status-publish","format-standard","hentry"],"_links":{"self":[{"href":"https:\/\/consbelohorizonte.esteri.it\/it\/wp-json\/wp\/v2\/posts\/784","targetHints":{"allow":["GET"]}}],"collection":[{"href":"https:\/\/consbelohorizonte.esteri.it\/it\/wp-json\/wp\/v2\/posts"}],"about":[{"href":"https:\/\/consbelohorizonte.esteri.it\/it\/wp-json\/wp\/v2\/types\/post"}],"author":[{"embeddable":true,"href":"https:\/\/consbelohorizonte.esteri.it\/it\/wp-json\/wp\/v2\/users\/1"}],"replies":[{"embeddable":true,"href":"https:\/\/consbelohorizonte.esteri.it\/it\/wp-json\/wp\/v2\/comments?post=784"}],"version-history":[{"count":0,"href":"https:\/\/consbelohorizonte.esteri.it\/it\/wp-json\/wp\/v2\/posts\/784\/revisions"}],"wp:attachment":[{"href":"https:\/\/consbelohorizonte.esteri.it\/it\/wp-json\/wp\/v2\/media?parent=784"}],"wp:term":[{"taxonomy":"post_tag","embeddable":true,"href":"https:\/\/consbelohorizonte.esteri.it\/it\/wp-json\/wp\/v2\/tags?post=784"}],"curies":[{"name":"wp","href":"https:\/\/api.w.org\/{rel}","templated":true}]}}