{"id":753,"date":"2020-10-14T19:37:31","date_gmt":"2020-10-14T17:37:31","guid":{"rendered":"https:\/\/consbelohorizonte.esteri.it\/news\/dal_consolato\/2020\/10\/xx-semana-da-lingua-italiana-no\/"},"modified":"2020-10-14T19:37:31","modified_gmt":"2020-10-14T17:37:31","slug":"xx-semana-da-lingua-italiana-no","status":"publish","type":"post","link":"https:\/\/consbelohorizonte.esteri.it\/it\/news\/dal_consolato\/2020\/10\/xx-semana-da-lingua-italiana-no\/","title":{"rendered":"XX SETTIMANA DELLA LINGUA ITALIANA NEL MONDO (19-25 OTTOBRE 2020)"},"content":{"rendered":"<p style=\"text-align: center;\"><em>&#8220;L&#8217;italiano tra parola e immagine: graffiti, illustrazioni, fumetti&#8221;<\/em><\/p>\n<p style=\"text-align: center;\"><em>Fumetti italiani, murales, Rodari, Dante, Fellini, arte urbana e illustrazioni sono al centro delle iniziative programmate dal Consolato d&#8217;Italia di Belo Horizonte per celebrare la XX Settimana della Lingua Italiana nel Mondo. Gli eventi, che si svolgono online e in diverse citt\u00e0 dello stato del Minas Gerais, si svolgeranno dal 19 al 25 ottobre 2020.<\/em><\/p>\n<p style=\"text-align: center;\">\u00a0<\/p>\n<p style=\"text-align: justify;\"><span style=\"text-decoration: underline;\"><strong>Seminario \u201cLa traiettoria del fumetto italiano e la sua influenza in Brasile e nel mondo\u201d di Fabiano Azevedo, marted\u00ec 20 ottobre alle 9:30.<\/strong><\/span><\/p>\n<p style=\"text-align: justify;\">Da Belo Horizonte, dove si svolge il FIQ, il pi\u00f9 grande festival di fumetti dell\u2019America Latina, parler\u00e0 uno dei suoi organizzatori, Fabiano Azevedo, che dal vivo dal canale Youtube del Consolato d\u2019Italia a Belo Horizonte illustrer\u00e0 la traiettoria del fumetto italiano e la sua influenza in Brasile e nel mondo. L\u00b4intervento si svolger\u00e0 in portoghese, con il supporto di materiale grafico, marted\u00ec 20 ottobre alle 9.30 (GMT-3) al link:\u00a0<span style=\"text-decoration: underline;\"><a href=\"https:\/\/youtu.be\/isice7q2OjI\">https:\/\/youtu.be\/isice7q2OjI<\/a><\/span> senza necessit\u00e0 previa di iscrizione.<\/p>\n<p>\u00a0<\/p>\n<p style=\"text-align: justify;\"><span style=\"text-decoration: underline;\"><strong>Artisti italiani dedicano due murales a Dante Alighieri e Federico Fellini<\/strong><\/span><\/p>\n<p style=\"text-align: justify;\">Due invece saranno i graffiti realizzati da artisti italiani che vivono in Brasile: all\u2019Universit\u00e0 Federale di Minas Gerais (UFMG), a Belo Horizonte, Piero Bagnariol, gi\u00e0 autore della Divina Commedia a fumetti, realizzer\u00e0 un murale all\u2019entrata della Facolta\u2019 di Lingue dedicato al sommo poeta italiano, anticipando le celebrazioni dei 700 anni della sua morte. A S\u00e3o Jo\u00e3o del-Rei, a 200 chilometri dalla capitale, nella suggestiva e turistica piazza della stazione ferroviaria, il disegnatore e pittore Guido Boletti realizzer\u00e0 assieme agli artisti Julio Aristizaval e Monge un murale dedicato alla figura di Federico Fellini, di cui quest&#8217;anno si celebra il centenario della nascita. Entrambi gli interventi artistici, per questioni di sicurezza legate alla pandemia di Covid-19, saranno realizzati senza presenza di pubblico, ma sar\u00e0 possibile assistere ai video di making of attraverso i canali social del Consolato (<span style=\"text-decoration: underline;\"><a href=\"http:\/\/www.instagram.com\/italyinbh\">www.instagram.com\/italyinbh<\/a><\/span>).<\/p>\n<p style=\"text-align: justify;\">\u00a0<\/p>\n<p style=\"text-align: justify;\"><span style=\"text-decoration: underline;\"><strong>Per i pi\u00f9 piccoli: i filmati in omaggio a Gianni Rodari<\/strong><\/span><\/p>\n<p style=\"text-align: justify;\">I giovanissimi invece saranno gli spettatori di due filmati recitati e cantati in omaggio a Gianni Rodari ed ideati dal regista italiano Roberto Innocente: \u201cStorie per giocare\u201d dove attori e musicisti guideranno i pi\u00f9 piccoli a scoprire alcune delle storie e filastrocche pi\u00f9 famose dello scrittore di Omegna (Per colpa di un accento, Quando piovvero cappelli a Milano, La speranza, L&#8217;acca in fuga, Il palazzo di gelato, Il punto interrogativo, La famiglia punto e virgola, Il dottor Terribilis). Il filmato sar\u00e0 disponibile sul canale Youtube del Consolato italiano di Belo Horizonte dal 19 ottobre (<span style=\"text-decoration: underline;\"><a href=\"https:\/\/youtube.com\/channel\/UCwihqfdKY3MM0xvD_ovnaGg\">https:\/\/youtube.com\/channel\/UCwihqfdKY3MM0xvD_ovnaGg<\/a><\/span>).<\/p>\n<p style=\"text-align: justify;\">Sempre a Gianni Rodari sono dedicati tre brevi clip (Il cielo \u00e8 di tutti, Il dittatore e La Speranza) disegnati dall&#8217;artista Guido Boletti in collaborazione con Juliano Felisatti Pereira, direttore del Teatro da Pedra di S\u00e3o Jo\u00e3o del-Rei che saranno veicolati sui canali social del Consolato (<span style=\"text-decoration: underline;\"><a href=\"http:\/\/www.instagram.com\/italyinbh\">www.instagram.com\/italyinbh<\/a><\/span>).<\/p>\n<p>\u00a0<\/p>\n<p style=\"text-align: justify;\"><span style=\"text-decoration: underline;\"><strong>La Settimana della Lingua nelle scuole e all&#8217;Universit\u00e0<\/strong><\/span><\/p>\n<p style=\"text-align: justify;\">Il tema scelto per quest\u2019anno ha entusiasmato anche i docenti e alunni della Fondazione Torino, la pi\u00f9 grande scuola italiana fuori dall\u2019Italia, che hanno partecipato con numerosissime iniziative, coinvolgendo tutte le classi. La Scuola Materna ha lavorato sui personaggi della prima rivista a fumetti italiana, il Corriere dei Piccoli; gli alunni della Scuola Elementare hanno creato dei fumetti ambientati nei musei italiani, narrative a fumetti dedicate a Topo Gigio, oltre a realizzare una rilettura dei lavori dello street artist italiano Blu e progetti sui calligrammi. La Scuola Media ha ideato una mostra virtuale sulla poesia grafica, mentre le Scuole Superiori hanno svolto un percorso interattivo dall\u2019arte urbana alla preistoria, un lunghissimo viaggio a ritroso, dai murales presenti nelle citt\u00e0 contemporanee fino agli antri pi\u00f9 oscuri delle caverne preistoriche.<\/p>\n<p style=\"text-align: justify;\">Con la collaborazione della lettrice prof.ssa Principato, gli alunni del corso di italiano avanzato dell\u2019UFMG si sono esercitati nella sottotitolazione di un mini corso sui fumetti realizzato in italiano da Giacomo Traini, fumettista e illustratore italiano diplomato alla Scuola Internazionale di Comics. Nella quarta e ultima puntata del corso, Giacomo disegna le tavole di una storia dedicata alla citt\u00e0 di Belo Horizonte che ha come protagonista l\u2019architetto italiano Raffaello Berti che, emigrato in Brasile nel 1930, ha realizzato oltre 500 progetti architettonici (moltissimi ancora esistenti e prestigiosi come il Municipio, gli ospedali Santa Casa e Felicio Rocho, il club Minas Tenis Clube) e fondato la Scuola di architettura della citt\u00e0. Le tavole inedite saranno visibili sul sito del Consolato all\u00b4indirizzo: <span style=\"text-decoration: underline;\"><a href=\"http:\/\/www.consbelohorizonte.esteri.it\">www.consbelohorizonte.esteri.it<\/a><\/span>.<\/p>\n<p style=\"text-align: justify;\">\u00a0<\/p>\n<p style=\"text-align: justify;\"><span style=\"text-decoration: underline;\"><strong>Servizio:<\/strong><\/span><\/p>\n<p style=\"text-align: justify;\"><strong>XX Settimana della Lingua Italiana nel mondo &#8211; &#8220;L&#8217;italiano tra parola e immagine: graffiti, illustrazioni, fumetti&#8221;<\/strong><\/p>\n<p style=\"text-align: justify;\">Dal 19 al 25 ottobre 2020<\/p>\n<p style=\"text-align: justify;\">Seminario online, interventi artistici pubblici, filmati, corsi e fumetti.<\/p>\n<p style=\"text-align: justify;\">Iniziative pubbliche e gratuite.<\/p>\n<p style=\"text-align: justify;\">\u00a0<\/p>\n<p style=\"text-align: justify;\"><strong>Realizzazione:<\/strong><\/p>\n<p style=\"text-align: justify;\">Consolato Italiano di Belo Horizonte<\/p>\n<p style=\"text-align: justify;\"><a href=\"http:\/\/www.consbelohorizonte.esteri.it\">www.consbelohorizonte.esteri.it<\/a>\u00a0<\/p>\n<p style=\"text-align: justify;\"><a href=\"http:\/\/www.instagram.com\/italyinbh\">www.instagram.com\/italyinbh<\/a>\u00a0<\/p>\n<p style=\"text-align: justify;\"><a href=\"http:\/\/www.twitter.com\/italyinbh\">www.twitter.com\/italyinbh<\/a>\u00a0<\/p>\n<p style=\"text-align: justify;\"><a href=\"http:\/\/www.youtube.com\/channel\/UCwihqfdKY3MM0xvD_ovnaGg\">www.youtube.com\/channel\/UCwihqfdKY3MM0xvD_ovnaGg<\/a>\u00a0<\/p>\n<p style=\"text-align: justify;\">\u00a0<\/p>\n<p style=\"text-align: justify;\"><strong>Informazioni per la Stampa:<\/strong><\/p>\n<p style=\"text-align: justify;\"><a href=\"mailto:belohorizonte.promo@esteri.it\">belohorizonte.promo@esteri.it<\/a>\u00a0<\/p>\n<p style=\"text-align: justify;\">\u00a0<\/p>\n","protected":false},"excerpt":{"rendered":"&#8220;L&#8217;italiano tra parola e immagine: graffiti, illustrazioni, fumetti&#8221; Fumetti italiani, murales, Rodari, Dante, Fellini, arte urbana e illustrazioni sono al centro delle iniziative programmate dal Consolato d&#8217;Italia di Belo Horizonte per celebrare la XX Settimana della Lingua Italiana nel Mondo. Gli eventi, che si svolgono online e in diverse citt\u00e0 dello stato del Minas Gerais, [&hellip;]","protected":false},"author":1,"featured_media":0,"comment_status":"","ping_status":"","sticky":false,"template":"","format":"standard","meta":{"footnotes":""},"tags":[],"class_list":["post-753","post","type-post","status-publish","format-standard","hentry"],"_links":{"self":[{"href":"https:\/\/consbelohorizonte.esteri.it\/it\/wp-json\/wp\/v2\/posts\/753","targetHints":{"allow":["GET"]}}],"collection":[{"href":"https:\/\/consbelohorizonte.esteri.it\/it\/wp-json\/wp\/v2\/posts"}],"about":[{"href":"https:\/\/consbelohorizonte.esteri.it\/it\/wp-json\/wp\/v2\/types\/post"}],"author":[{"embeddable":true,"href":"https:\/\/consbelohorizonte.esteri.it\/it\/wp-json\/wp\/v2\/users\/1"}],"replies":[{"embeddable":true,"href":"https:\/\/consbelohorizonte.esteri.it\/it\/wp-json\/wp\/v2\/comments?post=753"}],"version-history":[{"count":0,"href":"https:\/\/consbelohorizonte.esteri.it\/it\/wp-json\/wp\/v2\/posts\/753\/revisions"}],"wp:attachment":[{"href":"https:\/\/consbelohorizonte.esteri.it\/it\/wp-json\/wp\/v2\/media?parent=753"}],"wp:term":[{"taxonomy":"post_tag","embeddable":true,"href":"https:\/\/consbelohorizonte.esteri.it\/it\/wp-json\/wp\/v2\/tags?post=753"}],"curies":[{"name":"wp","href":"https:\/\/api.w.org\/{rel}","templated":true}]}}