{"id":597,"date":"2021-12-09T13:41:03","date_gmt":"2021-12-09T12:41:03","guid":{"rendered":"https:\/\/consbelohorizonte.esteri.it\/news\/dal_consolato\/2021\/12\/idee-di-design-fiat-500-episodio\/"},"modified":"2021-12-09T13:41:03","modified_gmt":"2021-12-09T12:41:03","slug":"idee-di-design-fiat-500-episodio","status":"publish","type":"post","link":"https:\/\/consbelohorizonte.esteri.it\/it\/news\/dal_consolato\/2021\/12\/idee-di-design-fiat-500-episodio\/","title":{"rendered":"Idee di design | Fiat 500 | Epis\u00f3dio 08"},"content":{"rendered":"<p style=\"text-align: justify;\"><strong>O Fiat 500 \u00e9 um \u00edcone do design. O elegante autom\u00f3vel que traduz de um jeito muito peculiar um estilo de vida com foco no belo e no essencial, acabou se tornando objeto de desejo em todo o mundo.<\/strong><\/p>\n<p style=\"text-align: justify;\">Encerrando a s\u00e9rie de epis\u00f3dios do projeto Idee di Design, vamos desvendar a hist\u00f3ria e a import\u00e2ncia do modelo criado por Dante Giacosa em 1957, na It\u00e1lia, durante o p\u00f3s-guerra. At\u00e9 ent\u00e3o, os meios de transporte particulares mais utilizados pelos italianos eram a Vespa e a Lambretta. A vers\u00e3o reestilizada, lan\u00e7ada em 2007, conquistou diversos pr\u00eamios internacionais. Por conta disso, o Fiat 500 passou a ser produzido em outros pa\u00edses, inclusive no Brasil, com a instala\u00e7\u00e3o da f\u00e1brica em Betim, com impactos positivos na cultura e na economia. Completo conectado aos tempos atuais, o Fiat 500 ganhou recentemente uma vers\u00e3o el\u00e9trica, ainda mais moderna, mantendo a ess\u00eancia do design imortalizado por suas harmoniosas formas arrendondadas.<\/p>\n<p style=\"text-align: justify;\">Os v\u00eddeos da s\u00e9rie Idee di Design est\u00e3o dispon\u00edveis no Youtube do Consulado da It\u00e1lia em Belo Horizonte (<a href=\"https:\/\/www.youtube.com\/channel\/UCwihqfdKY3MM0xvD_ovnaGg\">https:\/\/www.youtube.com\/channel\/UCwihqfdKY3MM0xvD_ovnaGg<\/a>)e tamb\u00e9m no IGTV do perfil da CASACOR Minas, no Instagram.S\u00e3o ao todo, 8 v\u00eddeos, cada um envolvendo uma tem\u00e1tica diferente, al\u00e9m da participa\u00e7\u00e3o de v\u00e1rios convidados.<\/p>\n<p style=\"text-align: justify;\">Idee di Design apresenta: Fiat 500, com o Consul da It\u00e1lia em BH, Dario Savarese e Daniel Gerzson, Chefe de Design de Exterior da Stellantis para a Am\u00e9rica do Sul.<\/p>\n<p style=\"text-align: justify;\">Confira todo os v\u00eddeos no IGTV da CASACOR Minas ou no canal de YouTube do Consulado da It\u00e1lia em BH:<\/p>\n<p style=\"text-align: justify;\"><a href=\"https:\/\/www.youtube.com\/channel\/UCwihqfdKY3MM0xvD_ovnaGg\">https:\/\/www.youtube.com\/channel\/UCwihqfdKY3MM0xvD_ovnaGg<\/a><\/p>\n<p>\u00a0<\/p>\n","protected":false},"excerpt":{"rendered":"O Fiat 500 \u00e9 um \u00edcone do design. O elegante autom\u00f3vel que traduz de um jeito muito peculiar um estilo de vida com foco no belo e no essencial, acabou se tornando objeto de desejo em todo o mundo. Encerrando a s\u00e9rie de epis\u00f3dios do projeto Idee di Design, vamos desvendar a hist\u00f3ria e a [&hellip;]","protected":false},"author":1,"featured_media":0,"comment_status":"","ping_status":"","sticky":false,"template":"","format":"standard","meta":{"footnotes":""},"tags":[],"class_list":["post-597","post","type-post","status-publish","format-standard","hentry"],"_links":{"self":[{"href":"https:\/\/consbelohorizonte.esteri.it\/it\/wp-json\/wp\/v2\/posts\/597","targetHints":{"allow":["GET"]}}],"collection":[{"href":"https:\/\/consbelohorizonte.esteri.it\/it\/wp-json\/wp\/v2\/posts"}],"about":[{"href":"https:\/\/consbelohorizonte.esteri.it\/it\/wp-json\/wp\/v2\/types\/post"}],"author":[{"embeddable":true,"href":"https:\/\/consbelohorizonte.esteri.it\/it\/wp-json\/wp\/v2\/users\/1"}],"replies":[{"embeddable":true,"href":"https:\/\/consbelohorizonte.esteri.it\/it\/wp-json\/wp\/v2\/comments?post=597"}],"version-history":[{"count":0,"href":"https:\/\/consbelohorizonte.esteri.it\/it\/wp-json\/wp\/v2\/posts\/597\/revisions"}],"wp:attachment":[{"href":"https:\/\/consbelohorizonte.esteri.it\/it\/wp-json\/wp\/v2\/media?parent=597"}],"wp:term":[{"taxonomy":"post_tag","embeddable":true,"href":"https:\/\/consbelohorizonte.esteri.it\/it\/wp-json\/wp\/v2\/tags?post=597"}],"curies":[{"name":"wp","href":"https:\/\/api.w.org\/{rel}","templated":true}]}}