{"id":591,"date":"2022-01-15T17:24:24","date_gmt":"2022-01-15T16:24:24","guid":{"rendered":"https:\/\/consbelohorizonte.esteri.it\/news\/dal_consolato\/2022\/01\/canto-italiano-tony-canto-apresenta\/"},"modified":"2022-01-15T17:24:24","modified_gmt":"2022-01-15T16:24:24","slug":"canto-italiano-tony-canto-apresenta","status":"publish","type":"post","link":"https:\/\/consbelohorizonte.esteri.it\/it\/news\/dal_consolato\/2022\/01\/canto-italiano-tony-canto-apresenta\/","title":{"rendered":"Cantor italiano TONY CANTO apresenta seu novo disco em \u00fanica apresenta\u00e7\u00e3o em Belo Horizonte (21 de janeiro, as 19h no Cine Theatro Brasil Vallourec) &#8211; Entrada gratuita"},"content":{"rendered":"<p><img loading=\"lazy\" decoding=\"async\" src=\"resource\/img\/2022\/01\/tony_canto_sito.jpg\" alt=\"tony canto sito\" width=\"746\" height=\"289\" \/><\/p>\n<p><strong>CANTOR ITALIANO TONY CANTO APRESENTA SEU NOVO DISCO EM \u00daNICA APRESENTA\u00c7\u00c3O EM BH (21 DE JANEIRO AS 19H00 NO CINE THEATRO BRASIL VALLOUREC)<\/strong><\/p>\n<p>Show, com entrada franca, est\u00e1 marcado para o dia 21 de janeiro\u00a0as 19h00 e contar\u00e1 com as participa\u00e7\u00f5es de m\u00fasicos mineiros e convidados especiais. <strong>Entrada grauita: os 200 ingressos disponiveis ter\u00e3o que ser retirados presencialmente na bilheteria duas horas antes do in\u00edcio da apresenta\u00e7\u00e3o.<\/strong><\/p>\n<p>Produtor, arranjador, compositor e int\u00e9rprete, Tony Canto \u00e9 uma das figuras mais consideradas da m\u00fasica italiana. Desde sempre apaixonado pela cultura musical do Brasil, lan\u00e7a neste ver\u00e3o com a gravadora Dubas seu novo \u00e1lbum, <strong>Casa do Canto<\/strong>. Para apresentar o novo trabalho, o artista faz uma \u00fanica apresenta\u00e7\u00e3o, <strong>dia 21 de janeiro, as 19H00, com entrada franca, em Belo Horizonte, no Teatro de C\u00e2mara do Cine Theatro Brasil Vallourec<\/strong>. Acompanhado pela banda, formada por Robson Batata (Percuss\u00e3o) e Breno Cruz (cello), Tony contar\u00e1 ainda com a participa\u00e7\u00e3o especial de Thiago Delegado, no viol\u00e3o. O show, produzido pela Rinoceronte, tem realiza\u00e7\u00e3o e patroc\u00ednio do Consulado da It\u00e1lia em Belo Horizonte.<\/p>\n<p>Para o c\u00f4nsul Dario Savarese, \u201cTony Canto \u00e9 um artista che tem uma grande aproxima\u00e7\u00e3o com as sonoridades brasileiras\u201d. \u201cPor isso, temos um grande prazer e uma alegria em ver o retorno de Tony \u00e0 Belo Horizonte depois do show de 2019\u201d, continua o c\u00f4nsul, \u201cpara o lan\u00e7amento de seu novo \u00e1lbum Casa do Canto\u201d.<\/p>\n<p>O \u00e1lbum Casa do Canto, que chega \u00e0s plataformas dia 14 de janeiro, \u00e9 um trabalho cheio de inspira\u00e7\u00f5es e colabora\u00e7\u00f5es aut\u00eanticas entre Tony e importantes artistas brasileiros. Produzido por Marcelinho da Lua e coproduzido pelo pr\u00f3prio Tony, o disco foi gravado no est\u00fadio de Da Lua, na Casa da Gl\u00f3ria, no Rio de Janeiro, experi\u00eancia que acabou inspirando o t\u00edtulo do \u00e1lbum. \u201cFoi a primeira vez que intitulei um disco que n\u00e3o fosse com o nome de uma m\u00fasica. Resolvi fazer uma refer\u00eancia ao meu sobrenome e ao processo que aconteceu dentro daquela casa, um ambiente especialmente criativo onde tudo fluiu\u201d, explica Tony.<\/p>\n<p>Tendo como filosofia principal a intera\u00e7\u00e3o entre a realidade musical italiana e brasileira, Casa de Canto abre com Chico C\u00e9sar fazendo um dueto com Tony, interpretando em italiano e portugu\u00eas uma nova vers\u00e3o de \u201c\u00c0 primeira vista\u201d. Com o m\u00fasico e int\u00e9rprete carioca Celso Fonseca, Tony volta no tempo cantando \u201cParlami d\u2019amore Mari\u00f9\u201d, que ficou famosa na It\u00e1lia e no mundo na voz do mito do cinema do neorrealismo Vittorio De Sica. Tem ainda as can\u00e7\u00f5es in\u00e9ditas, \u201cXote Siciliano\u201d, composta por Tony e o m\u00fasico pernambucano, Barro; e \u201cLuna\u201d, gravada com as participa\u00e7\u00f5es de Jaques Morelenbaum, Dadi Carvalho e Marcelo Costa.<\/p>\n<p>O show conta ainda com antigas can\u00e7\u00f5es do \u00faltimo \u00e1lbum do cantor, Moltplicato, lan\u00e7ado no Brasil em 2020. Entre elas, est\u00e3o \u201cMoltiplicato\u201d (A. Canto\/ Kaball\u00e0), \u201cCiao Vita\u201d (A. Canto\/ Kaball\u00e0); \u201cUna Breve Vacanza\u201d (A. Canto\/ Kaball\u00e0), al\u00e9m de \u201cCajuina\u201d e \u201cDa Quando I Samba e Samba\u201d (Desde que o samba \u00e9 samba), ambas de autoria de Caetano Veloso, que ganharam vers\u00e3o italiana composta por Max De Tomassi. Para completar o repert\u00f3rio, Tony selecionou algumas can\u00e7\u00f5es italianas, que representam a cultura do sul da It\u00e1lia, onde nasceu, como, \u201cLa Sveglietta\u201d e \u201cVolare\u201d (ambas de Domenico Modugno) e \u201cFigli Delle Stelle\u201d, de Alan Sorrenti, dos anos 70.<\/p>\n<p><strong>SOBRE TONY CANTO<\/strong>: Tony Canto \u00e9 autor, compositor, int\u00e9rprete, produtor, arranjador e guitarrista italiano de Messina, na Sicilia. A<br \/>Sua versatilidade art\u00edstica se reflete atrav\u00e9s as in\u00fameras atividades no campo musical, cinematogr\u00e1fico e teatral. H\u00e1 anos, \u00e9 autor da Sugar Music, uma das mais prestigiadas editoras musicais italianas, compondo para artistas como Nina Zilli, Mannarino, Patrizia Laquidara, Musica Nuda e Bungaro.<\/p>\n<p>Como autor e int\u00e9rprete, publicou quatro \u00e1lbuns: \u201cIl visionario\u201d (2007), \u201cLa strada\u201d (2009 &#8211; Leave Music), \u201cItaliano federale\u201d (2011 \u2013 Leave Music) e \u201dMoltiplicato\u201d(2016 \u2013 Leave Music\/sugar Music). Neste ultimo CD, Tony gravou uma vers\u00e3o de \u201cCajuina\u201d, de Caetano Veloso, realizada por Max De Tomassi.<\/p>\n<p>Alem assinar a produ\u00e7\u00e3o de seus trabalhos, como produtor art\u00edstico e arranjador, realizou todos os CDs da grande estrela italiana Mannarino e produziu os \u00e1lbuns de Mario Venuti, Patrizia Laquidara, Pilar, entre outros. No mais recente projeto do Mario Venuti, dedicado \u00e0s musicas mais populares da can\u00e7\u00e3o italiana, como arranjador e produtor, Tony Canto imprimiu uma leitura brasileira, com ritmos tradicionais do Brasil, ao repert\u00f3rio de hits italianos dos anos 60, 70 e 80.<\/p>\n<p>De sua sua autoria, \u201cTi amo Italia\u201d, que faz parte da trilha do filme \u201cBenur\u201d, de Massimo Andrei, ganhou o pr\u00eamio Mario Camerini, de melhor m\u00fasica de filme, em 2013. Para o teatro, compos e tocou para \u201cLavori In Corso\u201d, de Claudio Fava, com dire\u00e7\u00e3o de Ninni Bruschetta. Tamb\u00e9m foi curador musical da pe\u00e7a \u201cMalarazza\u201d, uma homenagem ao repert\u00f3rio siciliano de Domenico Modugno.<\/p>\n<p>\u00a0<\/p>\n<p><span style=\"text-decoration: underline;\"><strong>SERVI\u00c7O TONY CANTO EM BELO HORIZONTE:<\/strong><\/span><\/p>\n<p>Local: Cine Theatro Brasil Vallourec (Pra\u00e7a Sete \u2013 Rua dos Carij\u00f3s, 258 \u2013 Centro)<\/p>\n<p>Data: 21\/01\/2022<\/p>\n<p>Hor\u00e1rio: 19h<\/p>\n<p>Contato: (31) 3201-5211<\/p>\n<p><strong>Entrada franca \/ Retirada de ingressos:\u00a0os 200 ingressos disponiveis ter\u00e3o que ser retirados presencialmente na bilheteria duas horas antes do in\u00edcio da apresenta\u00e7\u00e3o.<\/strong><\/p>\n<p>Capacidade: 200 lugares<\/p>\n","protected":false},"excerpt":{"rendered":"CANTOR ITALIANO TONY CANTO APRESENTA SEU NOVO DISCO EM \u00daNICA APRESENTA\u00c7\u00c3O EM BH (21 DE JANEIRO AS 19H00 NO CINE THEATRO BRASIL VALLOUREC) Show, com entrada franca, est\u00e1 marcado para o dia 21 de janeiro\u00a0as 19h00 e contar\u00e1 com as participa\u00e7\u00f5es de m\u00fasicos mineiros e convidados especiais. Entrada grauita: os 200 ingressos disponiveis ter\u00e3o que [&hellip;]","protected":false},"author":1,"featured_media":0,"comment_status":"","ping_status":"","sticky":false,"template":"","format":"standard","meta":{"footnotes":""},"tags":[],"class_list":["post-591","post","type-post","status-publish","format-standard","hentry"],"_links":{"self":[{"href":"https:\/\/consbelohorizonte.esteri.it\/it\/wp-json\/wp\/v2\/posts\/591","targetHints":{"allow":["GET"]}}],"collection":[{"href":"https:\/\/consbelohorizonte.esteri.it\/it\/wp-json\/wp\/v2\/posts"}],"about":[{"href":"https:\/\/consbelohorizonte.esteri.it\/it\/wp-json\/wp\/v2\/types\/post"}],"author":[{"embeddable":true,"href":"https:\/\/consbelohorizonte.esteri.it\/it\/wp-json\/wp\/v2\/users\/1"}],"replies":[{"embeddable":true,"href":"https:\/\/consbelohorizonte.esteri.it\/it\/wp-json\/wp\/v2\/comments?post=591"}],"version-history":[{"count":0,"href":"https:\/\/consbelohorizonte.esteri.it\/it\/wp-json\/wp\/v2\/posts\/591\/revisions"}],"wp:attachment":[{"href":"https:\/\/consbelohorizonte.esteri.it\/it\/wp-json\/wp\/v2\/media?parent=591"}],"wp:term":[{"taxonomy":"post_tag","embeddable":true,"href":"https:\/\/consbelohorizonte.esteri.it\/it\/wp-json\/wp\/v2\/tags?post=591"}],"curies":[{"name":"wp","href":"https:\/\/api.w.org\/{rel}","templated":true}]}}