{"id":587,"date":"2022-01-23T12:51:22","date_gmt":"2022-01-23T11:51:22","guid":{"rendered":"https:\/\/consbelohorizonte.esteri.it\/news\/dal_consolato\/2022\/01\/visita-dell-ambasciatore-azzarello_0\/"},"modified":"2022-01-23T12:51:22","modified_gmt":"2022-01-23T11:51:22","slug":"visita-dell-ambasciatore-azzarello_0","status":"publish","type":"post","link":"https:\/\/consbelohorizonte.esteri.it\/it\/news\/dal_consolato\/2022\/01\/visita-dell-ambasciatore-azzarello_0\/","title":{"rendered":"Visita dell\u2019Ambasciatore Azzarello a Belo Horizonte (19-23 gennaio 2022) &#8211; Comunicato stampa"},"content":{"rendered":"<p>L&#8217;Ambasciatore d&#8217;Italia a Brasilia, Francesco Azzarello, \u00e8 stato in visita ufficiale a Belo Horizonte (Minas Gerais) nei giorni 19-23 gennaio scorso &#8211; accompagnato dal Console Dario Savarese, dal Presidente della Leonardo Spa in Brasile, Francesco Moliterni, e dall\u2019esperto della Guardia di Finanza in Brasile, Col. Francesco Fallica &#8211; per incontrare le Autorit\u00e0 locali, la Collettivit\u00e0 ed esponenti economico-industriali. Ha inoltre visitato la scuola italiana e un progetto sociale dell\u2019AVSI. L\u2019intensa agenda ha subito alcune modifiche a causa della pandemia, come la cancellazione dell\u2019incontro con il Governatore Zema, risultato positivo prima della riunione.<\/p>\n<p>Al presidente dell\u2019Assemblea Legislativa (ALMG), Patrus, l&#8217;Ambasciatore Azzarello ha innanzitutto manifestato la solidariet\u00e0 dell\u2019Italia per le vittime e distruzioni causate dalle forti piogge che hanno colpito Minas Gerais nelle ultime settimane. Nel ricordare che Minas Gerais, dove vivono circa due milioni di discendenti, \u00e8 storicamente uno degli stati pi\u00f9 italiani del Brasile grazie ai flussi migratori ed alla forte presenza industriale, l\u2019Ambasciatore ha confermato l&#8217;ottimo stato della collaborazione in campo politico, economico e culturale. Ha evidenziato l\u2019importanza strategica di Minas Gerais per l\u2019Italia, come dimostrano gli ottimi risultati nell\u2019interscambio bilaterale nel 2021 e i recenti significativi investimenti italiani. Il presidente Patrus ha assicurato che l\u2019Assemblea continuer\u00e0 a lavorare per costruire un quadro legislativo favorevole all\u2019attrazione di nuove imprese italiane sul territorio.<\/p>\n<p>L\u2019Ambasciatore si \u00e8 riunito anche con il Vicesindaco Noman di Belo Horizonte (il Sindaco Kalil ha preferito non partecipare perch\u00e9 presentava sintomi influenzali), citt\u00e0 costruita da maestranze italiane a fine Ottocento e dove oggi, secondo le stime, un terzo degli abitanti \u00e8 di discendenza italiana. Il Comune ha chiesto all\u2019impresa italiana Leonardo di sviluppare soluzioni congiunte per un modello integrato di \u201ccitt\u00e0 intelligente\u201d per Belo Horizonte, a partire dalla presenza di infrastrutture tecnologiche, manodopera specializzata e imprenditorialit\u00e0 gi\u00e0 disponibili.<\/p>\n<p>L\u2019Ambasciatore ha inoltre visitato Ouro Preto, antica capitale del Minas Gerais, patrimonio dell&#8217;umanit\u00e0 dell&#8217;UNESCO per la sua architettura coloniale, e ha espresso al Sindaco Angelo Oswaldo la solidariet\u00e0 del Governo e del popolo italiani a seguito delle forti piogge dei giorni scorsi che hanno causato frane e ingenti danni al patrimonio storico della citt\u00e0.<\/p>\n<p>La presenza a Belo Horizonte anche della Ministra del Supremo Tribunale Federale, Carmen Lucia, e del Senatore Antonio Anastasia, gia\u2019 Governatore di Minas Gerais, ha favorito uno scambio di opinioni con l\u2019Ambasciatore Azzarello in un clima di grande cordialit\u00e0.<\/p>\n<p>L&#8217;Ambasciatore Azzarello ha poi incontrato alcuni esponenti della Collettivit\u00e0 italiana in Minas Gerais, i componenti del neoeletto Comitato degli Italiani all\u2019Estero-Com.It.Es. di Belo Horizonte e la consigliera CGIE Alciati. Ha rammentato come il Consolato, anche nei momenti pi\u00f9 difficili della pandemia, abbia sempre fornito assistenza ai 40.000 connazionali residenti, assicurando i servizi consolari essenziali e garantendo le condizioni idonee al voto nelle elezioni referendarie nel 2020 e del Com.It.Es. nel 2021. L\u2019Ambasciatore ha inoltre lodato il lavoro del Personale del Consolato, anch\u2019esso incontrato nel corso della visita. All\u2019incontro con la Collettivit\u00e0, erano inoltre presenti, tra gli altri, membri della rete consolare onoraria, il Personale Scuola, esponenti dell\u2019associazionismo italiano, del mondo accademico, del sociale.<\/p>\n<p>Nel corso della visita, l\u2019Ambasciatore, insieme al Presidente di Leonardo Spa in Brasile, Moliterni, e all\u2019esperto della Guardia di Finanza in Brasile, Col. Fallica, ha avuto modo di incontrare i vertici della Sicurezza pubblica e della Polizia Militare del Minas Gerais, con cui sono stati discussi i vantaggi di un rafforzamento della cooperazione bilaterale nel campo della difesa e della sicurezza. Con l\u2019occasione, ha visitato il presidio della Polizia Militare a Brumadinho, colpita duramente dalle piogge torrenziali delle ultime settimane, approfondendo con il Comandante della 2a Regione della Polizia Militare, Col. Mattos, questioni di sicurezza locale e bilaterale.<\/p>\n<p>La visita \u00e8 proseguita con una riunione con rappresentanti della Comunit\u00e0 imprenditoriale italiana e mineira, insieme al presidente della Federazione delle Industrie del Minas Gerais (FIEMG), Roscoe, la Sottosegretaria per la Promozione degli Investimenti del Governo di Minas Gerais, Garcia, ed al Presidente della Camera di Commercio italo-mineira, Rizzioli. Gli eccellenti risultati dell\u2019interscambio bilaterale nel 2021, le nuove opportunit\u00e0 di investimento valorizzate con successo dal Business Forum Italia-Minas del maggio 2021, la promozione del Made in Italy ed il direzionamento di investimenti mineiri verso l\u2019Italia sono stati alcuni dei temi al centro del colloquio.<\/p>\n<p>L\u2019intensa agenda, che ha previsto anche un\u2019intervista dell\u2019Ambasciatore all\u2019autorevole giornale O Tempo e un saluto al concerto del cantautore italiano Tony Canto in tourn\u00e9e in Brasile, si \u00e8 conclusa con le visite all\u2019Istituto Italo-Brasiliano Biculturale \u201cFondazione Torino\u201d, notoriamente una delle migliori e pi\u00f9 grandi scuole italiane all\u2019estero, all\u2019APAC femminile di Belo Horizonte, progetto sociale di carcere senza agenti penitenziari autogestito dai carcerati su cui l\u2019Ong italiana AVSI collabora con distinzione, e al Palacio das Artes dove \u00e8 in corso la mostra multimediale Magister Raffaello sulla vita e l\u2019opera del grande maestro rinascimentale Raffaello Sanzio.<\/p>\n<p>\u00a0<\/p>\n","protected":false},"excerpt":{"rendered":"L&#8217;Ambasciatore d&#8217;Italia a Brasilia, Francesco Azzarello, \u00e8 stato in visita ufficiale a Belo Horizonte (Minas Gerais) nei giorni 19-23 gennaio scorso &#8211; accompagnato dal Console Dario Savarese, dal Presidente della Leonardo Spa in Brasile, Francesco Moliterni, e dall\u2019esperto della Guardia di Finanza in Brasile, Col. Francesco Fallica &#8211; per incontrare le Autorit\u00e0 locali, la Collettivit\u00e0 [&hellip;]","protected":false},"author":1,"featured_media":0,"comment_status":"","ping_status":"","sticky":false,"template":"","format":"standard","meta":{"footnotes":""},"tags":[],"class_list":["post-587","post","type-post","status-publish","format-standard","hentry"],"_links":{"self":[{"href":"https:\/\/consbelohorizonte.esteri.it\/it\/wp-json\/wp\/v2\/posts\/587","targetHints":{"allow":["GET"]}}],"collection":[{"href":"https:\/\/consbelohorizonte.esteri.it\/it\/wp-json\/wp\/v2\/posts"}],"about":[{"href":"https:\/\/consbelohorizonte.esteri.it\/it\/wp-json\/wp\/v2\/types\/post"}],"author":[{"embeddable":true,"href":"https:\/\/consbelohorizonte.esteri.it\/it\/wp-json\/wp\/v2\/users\/1"}],"replies":[{"embeddable":true,"href":"https:\/\/consbelohorizonte.esteri.it\/it\/wp-json\/wp\/v2\/comments?post=587"}],"version-history":[{"count":0,"href":"https:\/\/consbelohorizonte.esteri.it\/it\/wp-json\/wp\/v2\/posts\/587\/revisions"}],"wp:attachment":[{"href":"https:\/\/consbelohorizonte.esteri.it\/it\/wp-json\/wp\/v2\/media?parent=587"}],"wp:term":[{"taxonomy":"post_tag","embeddable":true,"href":"https:\/\/consbelohorizonte.esteri.it\/it\/wp-json\/wp\/v2\/tags?post=587"}],"curies":[{"name":"wp","href":"https:\/\/api.w.org\/{rel}","templated":true}]}}