{"id":586,"date":"2022-01-24T18:03:26","date_gmt":"2022-01-24T17:03:26","guid":{"rendered":"https:\/\/consbelohorizonte.esteri.it\/news\/dal_consolato\/2022\/01\/palestra-virtual-raffaello-e-a\/"},"modified":"2022-01-24T18:03:26","modified_gmt":"2022-01-24T17:03:26","slug":"palestra-virtual-raffaello-e-a","status":"publish","type":"post","link":"https:\/\/consbelohorizonte.esteri.it\/it\/news\/dal_consolato\/2022\/01\/palestra-virtual-raffaello-e-a\/","title":{"rendered":"Palestra virtual &#8220;Raffaello e a idade de ouro do Renascimento&#8221; &#8211; 26\/01\/22 &#8211; 19h"},"content":{"rendered":"<p style=\"text-align: justify;\">As primeiras d\u00e9cadas do s\u00e9culo XVI foram consideradas a Idade de Ouro do Renascimento, ocasi\u00e3o em que artistas e letrados acreditaram ter alcan\u00e7ado a s\u00edntese entre as formas da natureza e a perfei\u00e7\u00e3o da Antiguidade Cl\u00e1ssica. Raffaello Sanzio (1483-1520), o mais jovem da trindade encabe\u00e7ada por Leonardo da Vinci e Michelangelo, foi considerado o mais perfeito entre eles. Para falar sobre esse artista que uniu a forma da estatu\u00e1ria cl\u00e1ssica \u00e0 naturalidade da express\u00e3o humana, o Consulado da It\u00e1lia convida Elisa Byington, p\u00f3s-doutora em Hist\u00f3ria da Arte, para ministrar a palestra virtual \u201cRaffaello e a Idade de Ouro do Renascimento\u201d.<\/p>\n<p style=\"text-align: justify;\">O evento ser\u00e1 realizado no dia 26 de janeiro de 2022, \u00e0s 19h, com participa\u00e7\u00e3o gratuita e inscri\u00e7\u00f5es pela <a href=\"https:\/\/www.sympla.com.br\/evento-online\/raffaello-e-o-renascimento-i-palestra-com-elisa-byington\/1448348\">Sympla<\/a>.<\/p>\n<p style=\"text-align: justify;\">A palestra far\u00e1 recorte hist\u00f3rico na fase madura do jovem artista, evidenciando sua habilidade de transpor para a pintura a\u00a0 complexidade das grandes ideias abstratas. As composi\u00e7\u00f5es e figuras criadas por Raffaello serviram de modelo e tornaram-se verdadeiros prot\u00f3tipos para arte que viria depois, at\u00e9 a ruptura com a tradi\u00e7\u00e3o cl\u00e1ssica no final do s\u00e9culo 19. \u201cTornou-se at\u00e9 dif\u00edcil a percep\u00e7\u00e3o da grande inova\u00e7\u00e3o da qual Raffaello foi capaz\u201d, salienta Elisa Byington.<\/p>\n<p style=\"text-align: justify;\">A polival\u00eancia do talento de Raffaello Sanzio fez dele uma figura dominante na cena art\u00edstica. Byington ressalta que \u201co colorido harmonioso, a serenidade das fisionomias, a naturalidade da articula\u00e7\u00e3o entre as figuras e a maciez dos corpos traduziam-se na imagem mais completa do novo ideal de beleza, chamado de \u201cgra\u00e7a\u201d pela cr\u00edtica da \u00e9poca\u201d.<\/p>\n<p style=\"text-align: justify;\">Tamb\u00e9m ter\u00e1 destaque a chegada do artista a Roma, a convite do Papa J\u00falio II. Nesse momento, designado posteriormente como a Idade de Ouro do Renascimento, a cidade passa a ser o principal centro art\u00edstico italiano. Al\u00e9m das grandes obras da Antiguidade Cl\u00e1ssica, a cidade re\u00fane as maiores realiza\u00e7\u00f5es da arte contempor\u00e2nea, dentre elas o conjunto de pinturas presentes<br \/>no teto da Stanza Della Segnatura, no Vaticano, realizada por Raffaello entre os anos de 1508 e 1511.<\/p>\n<p style=\"text-align: justify;\">Elisa Byington ainda vai relembrar a rivalidade entre Raffaello e Michelangelo. Segundo ela, n\u00e3o se tratava somente de rivalidade pessoal, mas entre partidos cr\u00edticos distintos. A grandiosidade das figuras de Michelangelo, a perfei\u00e7\u00e3o anat\u00f4mica e as tor\u00e7\u00f5es dos corpos no espa\u00e7o afastavam-se, progressivamente, da natureza e das necessidades do tema representado para afirmar um estilo e uma express\u00e3o intensamente pessoais, que foram designados como terribilidade. J\u00e1 o termo criado pelo pol\u00edtico e escritor italiano Baldassare Castiglione, sprezzatura, coube perfeitamente para adjetivar a arte e a personalidade de Raffaello: \u201clouvado pela variedade, eleg\u00e2ncia e harmonia de suas composi\u00e7\u00f5es e tamb\u00e9m por n\u00e3o deixar transparecer na vida ou em suas imagens o tormento e as ang\u00fastias da cria\u00e7\u00e3o\u201d, pontua.<\/p>\n<p style=\"text-align: justify;\">O evento dialoga com a exposi\u00e7\u00e3o <a href=\"https:\/\/fcs.mg.gov.br\/eventos\/exposicao-magister-raffaello-grande-galeria-alberto-da-veiga-guignard\/\"><strong>Magister Raffaello<\/strong><\/a>, em cartaz no Pal\u00e1cio das Artes at\u00e9 o dia 27 de fevereiro de 2022.<\/p>\n<p style=\"text-align: justify;\">A palestra \u201cRaffaello e a Idade de Ouro do Renascimento\u201d \u00e9 uma realiza\u00e7\u00e3o do Consulado da It\u00e1lia em Belo Horizonte, da Casa Fiat de Cultura e do Minist\u00e9rio do Turismo, por meio da Lei Federal de Incentivo \u00e0 Cultura.<\/p>\n<p style=\"text-align: justify;\"><strong>Elisa Byington<\/strong><\/p>\n<p style=\"text-align: justify;\">Brasileira e italiana, p\u00f3s-doutora em Hist\u00f3ria da Arte. Cr\u00edtica e curadora, transferiu-se para a It\u00e1lia depois da gradua\u00e7\u00e3o em Sociologia na PUC-RJ. Na Universidade de Roma &#8211; La Sapienza, estudou est\u00e9tica, filologia e hist\u00f3ria da arte, obtendo laurea cum laude pela discuss\u00e3o da tese sobre o arquiteto e pintor Giorgio Vasari. Vivendo entre It\u00e1lia e Brasil de 1986 a 2011, defendeu doutorado na Unicamp \u2013 Universidade de Campinas e dedicou seu p\u00f3s-doutorado \u00e0 pesquisa sobre a fixa\u00e7\u00e3o e difus\u00e3o dos modelos do Renascimento<br \/>italiano na arte internacional.<\/p>\n<p style=\"text-align: justify;\">Publicou os livros Galleria Borghese (Berlendis &#038; Vertecchia editores, S\u00e3o Paulo, 2000); Palazzo Pamphilj a Piazza Navona (Omar G. Editora, Salvador, 2001); O projeto do Renascimento (Zahar, Rio de Janeiro, 2009); Giorgio Vasari 500 anos, a inven\u00e7\u00e3o do artista moderno, Biblioteca Nacional, Rio de janeiro, 2011; Ant\u00f4nio Dias, Arquivo Intimo, (ed. Autom\u00e1tica, Rio de Janeiro, 2013); Elisa Bracher, Luctus Lutum, (S\u00e3o Paulo, 2015); Elisa Bracher, Encarnadas, (ed. BEI, S\u00e3o Paulo, 2018); (ed. Cobog\u00f3, Rio de Janeiro, 2018); Gianni Ratto 100 anos \u2013 S\u00e3o Paulo (no prelo); Rafael e a defini\u00e7\u00e3o da beleza (no prelo). Publicou ensaios sobre artistas e temas da arte contempor\u00e2nea em livros, revistas especializadas e cat\u00e1logos, como tamb\u00e9m sobre a arte do Renascimento e do Barroco italiano.<br \/>Colaborou com as revistas Isto \u00c9, Bravo!, Republica, Carta Capital, Arte Ib\u00e9rica, Icon, Il Giornale dell\u2019Arte.<\/p>\n<p style=\"text-align: justify;\">Como curadora independente, realizou exposi\u00e7\u00e3o comemorativa dos 500 anos de Giorgio Vasari, a inven\u00e7\u00e3o do artista moderno no Centro Eliseu Visconti da Biblioteca Nacional do Rio de Janeiro, bem como de artistas contempor\u00e2neos. Entre eles Fabio Cardoso, na Galeria Filomena Soares em Lisboa; Patr\u00edcia Carmo e Elisa Bracher; Alexandre Mury e Raphael Couto no Rio de Janeiro, entre 2012 e<br \/>2014. Em 2015, Elisa Bracher, em S\u00e3o Paulo; Marcia Xavier e Jos\u00e9 Damasceno, em Roma. Em 2016, Elisa Bracher no Pa\u00e7o Imperial do Rio de Janeiro. Em 2017, Gianni Ratto \u2013 100 anos no Sesc Consola\u00e7\u00e3o e Iole de Freitas Dobradura Curva na Galeria Raquel Arnaud em S\u00e3o Paulo. Em 2018, Rafael e a Defini\u00e7\u00e3o da Beleza. Da Divina Propor\u00e7\u00e3o \u00e0 \u201cgra\u00e7a\u201d na Galeria do Centro Cultural do SESI \u2013 SP.<\/p>\n<p>\u00a0<\/p>\n","protected":false},"excerpt":{"rendered":"As primeiras d\u00e9cadas do s\u00e9culo XVI foram consideradas a Idade de Ouro do Renascimento, ocasi\u00e3o em que artistas e letrados acreditaram ter alcan\u00e7ado a s\u00edntese entre as formas da natureza e a perfei\u00e7\u00e3o da Antiguidade Cl\u00e1ssica. Raffaello Sanzio (1483-1520), o mais jovem da trindade encabe\u00e7ada por Leonardo da Vinci e Michelangelo, foi considerado o mais [&hellip;]","protected":false},"author":1,"featured_media":0,"comment_status":"","ping_status":"","sticky":false,"template":"","format":"standard","meta":{"footnotes":""},"tags":[],"class_list":["post-586","post","type-post","status-publish","format-standard","hentry"],"_links":{"self":[{"href":"https:\/\/consbelohorizonte.esteri.it\/it\/wp-json\/wp\/v2\/posts\/586","targetHints":{"allow":["GET"]}}],"collection":[{"href":"https:\/\/consbelohorizonte.esteri.it\/it\/wp-json\/wp\/v2\/posts"}],"about":[{"href":"https:\/\/consbelohorizonte.esteri.it\/it\/wp-json\/wp\/v2\/types\/post"}],"author":[{"embeddable":true,"href":"https:\/\/consbelohorizonte.esteri.it\/it\/wp-json\/wp\/v2\/users\/1"}],"replies":[{"embeddable":true,"href":"https:\/\/consbelohorizonte.esteri.it\/it\/wp-json\/wp\/v2\/comments?post=586"}],"version-history":[{"count":0,"href":"https:\/\/consbelohorizonte.esteri.it\/it\/wp-json\/wp\/v2\/posts\/586\/revisions"}],"wp:attachment":[{"href":"https:\/\/consbelohorizonte.esteri.it\/it\/wp-json\/wp\/v2\/media?parent=586"}],"wp:term":[{"taxonomy":"post_tag","embeddable":true,"href":"https:\/\/consbelohorizonte.esteri.it\/it\/wp-json\/wp\/v2\/tags?post=586"}],"curies":[{"name":"wp","href":"https:\/\/api.w.org\/{rel}","templated":true}]}}