{"id":572,"date":"2022-04-27T17:15:53","date_gmt":"2022-04-27T15:15:53","guid":{"rendered":"https:\/\/consbelohorizonte.esteri.it\/news\/dal_consolato\/2022\/04\/pubblicazione-del-bando-per-il\/"},"modified":"2022-04-27T17:15:53","modified_gmt":"2022-04-27T15:15:53","slug":"pubblicazione-del-bando-per-il","status":"publish","type":"post","link":"https:\/\/consbelohorizonte.esteri.it\/it\/news\/dal_consolato\/2022\/04\/pubblicazione-del-bando-per-il\/","title":{"rendered":"Pubblicazione del bando per il corso &#8220;ORIGINI ITALIA&#8221; (2022-2023) destinato a discendenti di emigrati italiani, promosso dal MIB e da Agenzia ICE"},"content":{"rendered":"<p style=\"text-align: justify;\">La MIB School of Management di Trieste sta promuovendo ed organizzando anche per l&#8217;anno 2022\/2023, in collaborazione con ITA (Italian Trade Agency), il corso di formazione manageriale &#8220;Origini Italia&#8221; destinato ai giovani discendenti di emigrati italiani residenti all&#8217;estero, in particolare nei paesi extraeuropei.<\/p>\n<p style=\"text-align: justify;\">Lo scopo del corso \u00e9 quello di favorire la collaborazione fra le imprese italiane e i cittadini di origine italiana nel mondo, consentendo ai partecipanti di conoscere la terra di origine dei loro avi, ritrovandone cultura, storia e lingua, e affrontando nel contempo esperienze di tipo imprenditoriale e manageriale in collaborazione con importanti imprese italiane, anche in vista della creazione di futuri rapporti lavorativi fra l&#8217;Italia e i Paesi di provenienza.<\/p>\n<p style=\"text-align: justify;\">L&#8217;iscrizione al corso \u00e9 gratuita e gli organizzatori assicurano ai partecipanti la copertura dei costi di viaggio, alloggio e vitto per tutto il periodo del corso, la cui durata \u00e9 di 5 mesi (dal 31 ottobre 2022 al 1 aprile 2023). I posti disponibili sono 20 al massimo, riservati a candidati di et\u00e1 compresa tra i 23 ed i 35 anni al momento dell&#8217;iscrizione. La lingua veicolare dei corsi \u00e9 l&#8217;inglese.<\/p>\n<p style=\"text-align: justify;\">Informazioni pi\u00fa dettagliate sui contenuti del programma e sugli ulteriori requisiti di ammissione &#8211; unitamente ai moduli per l&#8217;iscrizione online &#8211; sono reperibili sul sito internet: <a href=\"https:\/\/www.mib.edu\/origini\/application\">https:\/\/www.mib.edu\/origini\/application<\/a><\/p>\n<p style=\"text-align: justify;\">La scadenza per la presentazione delle domande di partecipazione \u00e9 imminente, essendo fissata al 31 maggio p.v.<\/p>\n<p style=\"text-align: justify;\">A questo <a href=\"http:\/\/consbelohorizonte.esteri.it\/consolato_belohorizonte\/resource\/resource\/2022\/04\/origini_italia_admission_announcement_2022.pdf\">link <\/a>\u00e9 possibile scaricare il bando del corso.<\/p>\n","protected":false},"excerpt":{"rendered":"La MIB School of Management di Trieste sta promuovendo ed organizzando anche per l&#8217;anno 2022\/2023, in collaborazione con ITA (Italian Trade Agency), il corso di formazione manageriale &#8220;Origini Italia&#8221; destinato ai giovani discendenti di emigrati italiani residenti all&#8217;estero, in particolare nei paesi extraeuropei. Lo scopo del corso \u00e9 quello di favorire la collaborazione fra le [&hellip;]","protected":false},"author":1,"featured_media":0,"comment_status":"","ping_status":"","sticky":false,"template":"","format":"standard","meta":{"footnotes":""},"tags":[],"class_list":["post-572","post","type-post","status-publish","format-standard","hentry"],"_links":{"self":[{"href":"https:\/\/consbelohorizonte.esteri.it\/it\/wp-json\/wp\/v2\/posts\/572","targetHints":{"allow":["GET"]}}],"collection":[{"href":"https:\/\/consbelohorizonte.esteri.it\/it\/wp-json\/wp\/v2\/posts"}],"about":[{"href":"https:\/\/consbelohorizonte.esteri.it\/it\/wp-json\/wp\/v2\/types\/post"}],"author":[{"embeddable":true,"href":"https:\/\/consbelohorizonte.esteri.it\/it\/wp-json\/wp\/v2\/users\/1"}],"replies":[{"embeddable":true,"href":"https:\/\/consbelohorizonte.esteri.it\/it\/wp-json\/wp\/v2\/comments?post=572"}],"version-history":[{"count":0,"href":"https:\/\/consbelohorizonte.esteri.it\/it\/wp-json\/wp\/v2\/posts\/572\/revisions"}],"wp:attachment":[{"href":"https:\/\/consbelohorizonte.esteri.it\/it\/wp-json\/wp\/v2\/media?parent=572"}],"wp:term":[{"taxonomy":"post_tag","embeddable":true,"href":"https:\/\/consbelohorizonte.esteri.it\/it\/wp-json\/wp\/v2\/tags?post=572"}],"curies":[{"name":"wp","href":"https:\/\/api.w.org\/{rel}","templated":true}]}}