{"id":571,"date":"2022-05-16T17:33:49","date_gmt":"2022-05-16T15:33:49","guid":{"rendered":"https:\/\/consbelohorizonte.esteri.it\/news\/dal_consolato\/2022\/05\/workshop-perspectivas-de-exportacao\/"},"modified":"2022-05-16T17:33:49","modified_gmt":"2022-05-16T15:33:49","slug":"workshop-perspectivas-de-exportacao","status":"publish","type":"post","link":"https:\/\/consbelohorizonte.esteri.it\/it\/news\/dal_consolato\/2022\/05\/workshop-perspectivas-de-exportacao\/","title":{"rendered":"Workshop \u201cPerspectivas de exporta\u00e7\u00e3o e parcerias entre empresas mineiras e italianas\u201d &#8211; Quarta-feira 18 de maio"},"content":{"rendered":"<p style=\"text-align: justify;\">A Promo Brasile Italia, a FIEMG e Invest Minas, com o apoio do Consulado da It\u00e1lia em Belo Horizonte, promovem no dia 18 de maio o workshop \u201cPerspectivas de exporta\u00e7\u00e3o e parcerias entre empresas mineiras e italianas\u201d.<\/p>\n<p style=\"text-align: justify;\">O evento ser\u00e1 de forma presencial, tendo foco em promover exporta\u00e7\u00f5es e possibilitar a conex\u00e3o com clientes na It\u00e1lia. Empresas mineiras que exportam ou possuem potencial de exporta\u00e7\u00e3o para It\u00e1lia est\u00e3o sendo convidadas. O Workshop \u00e9 totalmente gratuito e ir\u00e1 ocorrer no Audit\u00f3rio da FIEMG em Belo Horizonte.<\/p>\n<p style=\"text-align: justify;\">Ser\u00e3o tr\u00eas horas de imers\u00e3o no mercado italiano com a participa\u00e7\u00e3o de Giacomo Guarnera, presidente da Promo Brasile Italia, da Rossella Difrancesco, vice-diretora do ICE, agencia de comercio exterior da It\u00e1lia, do Presidente da Invest Minas, Jo\u00e3o Paulo Braga, e outros palestrantes representando organiza\u00e7\u00f5es de grande relev\u00e2ncia.<\/p>\n<p style=\"text-align: justify;\">Ao final do workshop, ser\u00e1 oferecido um brunch para todos os participantes para um ambiente de networking.<\/p>\n<p style=\"text-align: justify;\">As inscri\u00e7\u00f5es devem ser realizadas pelo <a href=\"https:\/\/www.sympla.com.br\/evento\/oportunidades-de-negocios-minas-gerais-e-italia\/1564351?lang=PT&#038;share_id=d1jai\">Sympla<\/a>. Aten\u00e7\u00e3o: as vagas s\u00e3o limitadas!<\/p>\n<p style=\"text-align: justify;\">O evento contar\u00e1 com v\u00e1rios pain\u00e9is que abordar\u00e3o assuntos como o momento econ\u00f4mico da It\u00e1lia, o Plano Nacional de Recupera\u00e7\u00e3o e Resili\u00eancia Italiano (PNRR) e seus incentivos, processo de exporta\u00e7\u00e3o e seus aspectos tribut\u00e1rios, entre outros assuntos.<\/p>\n<p style=\"text-align: justify;\">#exporta\u00e7\u00e3o #italiaminasgerais<\/p>\n","protected":false},"excerpt":{"rendered":"A Promo Brasile Italia, a FIEMG e Invest Minas, com o apoio do Consulado da It\u00e1lia em Belo Horizonte, promovem no dia 18 de maio o workshop \u201cPerspectivas de exporta\u00e7\u00e3o e parcerias entre empresas mineiras e italianas\u201d. O evento ser\u00e1 de forma presencial, tendo foco em promover exporta\u00e7\u00f5es e possibilitar a conex\u00e3o com clientes na [&hellip;]","protected":false},"author":1,"featured_media":0,"comment_status":"","ping_status":"","sticky":false,"template":"","format":"standard","meta":{"footnotes":""},"tags":[],"class_list":["post-571","post","type-post","status-publish","format-standard","hentry"],"_links":{"self":[{"href":"https:\/\/consbelohorizonte.esteri.it\/it\/wp-json\/wp\/v2\/posts\/571","targetHints":{"allow":["GET"]}}],"collection":[{"href":"https:\/\/consbelohorizonte.esteri.it\/it\/wp-json\/wp\/v2\/posts"}],"about":[{"href":"https:\/\/consbelohorizonte.esteri.it\/it\/wp-json\/wp\/v2\/types\/post"}],"author":[{"embeddable":true,"href":"https:\/\/consbelohorizonte.esteri.it\/it\/wp-json\/wp\/v2\/users\/1"}],"replies":[{"embeddable":true,"href":"https:\/\/consbelohorizonte.esteri.it\/it\/wp-json\/wp\/v2\/comments?post=571"}],"version-history":[{"count":0,"href":"https:\/\/consbelohorizonte.esteri.it\/it\/wp-json\/wp\/v2\/posts\/571\/revisions"}],"wp:attachment":[{"href":"https:\/\/consbelohorizonte.esteri.it\/it\/wp-json\/wp\/v2\/media?parent=571"}],"wp:term":[{"taxonomy":"post_tag","embeddable":true,"href":"https:\/\/consbelohorizonte.esteri.it\/it\/wp-json\/wp\/v2\/tags?post=571"}],"curies":[{"name":"wp","href":"https:\/\/api.w.org\/{rel}","templated":true}]}}