{"id":569,"date":"2022-05-18T19:08:45","date_gmt":"2022-05-18T17:08:45","guid":{"rendered":"https:\/\/consbelohorizonte.esteri.it\/news\/dal_consolato\/2022\/05\/ripresa-dei-collegamenti-aerei\/"},"modified":"2022-05-18T19:08:45","modified_gmt":"2022-05-18T17:08:45","slug":"ripresa-dei-collegamenti-aerei","status":"publish","type":"post","link":"https:\/\/consbelohorizonte.esteri.it\/it\/news\/dal_consolato\/2022\/05\/ripresa-dei-collegamenti-aerei\/","title":{"rendered":"Ripresa dei collegamenti aerei diretti tra Brasile ed Italia"},"content":{"rendered":"<p style=\"text-align: justify;\">Con l\u2019approssimarsi della stagione estiva 2022, la compagnia aerea \u201cItalia Trasporto Aereo S.p.A. \u2013 ITA Airways\u201d ha reso nota la programmazione dei voli diretti tra l\u2019Italia e il Brasile.<\/p>\n<p style=\"text-align: justify;\">A partire dall\u20191 giugno prossimo e fino alla fine di ottobre, saranno disponibili frequenti collegamenti aerei tra gli aeroporti di Roma Fiumicino e San Paolo Guarulhos. Grazie alla disponibilit\u00e0 di una flotta di aeromobili tra le pi\u00f9 moderne al mondo, sar\u00e0 possibile viaggiare tra l\u2019Italia e il Brasile, al picco della stagione, tutti i giorni della settimana.<\/p>\n<p style=\"text-align: justify;\">La programmazione completa \u00e8 disponibile: <a href=\"https:\/\/www.ita-airways.com\/it_it\/\">https:\/\/www.ita-airways.com\/it_it\/<\/a><\/p>\n<p>\u00a0<\/p>\n","protected":false},"excerpt":{"rendered":"Con l\u2019approssimarsi della stagione estiva 2022, la compagnia aerea \u201cItalia Trasporto Aereo S.p.A. \u2013 ITA Airways\u201d ha reso nota la programmazione dei voli diretti tra l\u2019Italia e il Brasile. A partire dall\u20191 giugno prossimo e fino alla fine di ottobre, saranno disponibili frequenti collegamenti aerei tra gli aeroporti di Roma Fiumicino e San Paolo Guarulhos. [&hellip;]","protected":false},"author":1,"featured_media":0,"comment_status":"","ping_status":"","sticky":false,"template":"","format":"standard","meta":{"footnotes":""},"tags":[],"class_list":["post-569","post","type-post","status-publish","format-standard","hentry"],"_links":{"self":[{"href":"https:\/\/consbelohorizonte.esteri.it\/it\/wp-json\/wp\/v2\/posts\/569","targetHints":{"allow":["GET"]}}],"collection":[{"href":"https:\/\/consbelohorizonte.esteri.it\/it\/wp-json\/wp\/v2\/posts"}],"about":[{"href":"https:\/\/consbelohorizonte.esteri.it\/it\/wp-json\/wp\/v2\/types\/post"}],"author":[{"embeddable":true,"href":"https:\/\/consbelohorizonte.esteri.it\/it\/wp-json\/wp\/v2\/users\/1"}],"replies":[{"embeddable":true,"href":"https:\/\/consbelohorizonte.esteri.it\/it\/wp-json\/wp\/v2\/comments?post=569"}],"version-history":[{"count":0,"href":"https:\/\/consbelohorizonte.esteri.it\/it\/wp-json\/wp\/v2\/posts\/569\/revisions"}],"wp:attachment":[{"href":"https:\/\/consbelohorizonte.esteri.it\/it\/wp-json\/wp\/v2\/media?parent=569"}],"wp:term":[{"taxonomy":"post_tag","embeddable":true,"href":"https:\/\/consbelohorizonte.esteri.it\/it\/wp-json\/wp\/v2\/tags?post=569"}],"curies":[{"name":"wp","href":"https:\/\/api.w.org\/{rel}","templated":true}]}}