{"id":560,"date":"2022-06-15T18:12:57","date_gmt":"2022-06-15T16:12:57","guid":{"rendered":"https:\/\/consbelohorizonte.esteri.it\/news\/dal_consolato\/2022\/06\/ingressi-rientri-in-italia-dall\/"},"modified":"2022-06-15T18:12:57","modified_gmt":"2022-06-15T16:12:57","slug":"ingressi-rientri-in-italia-dall","status":"publish","type":"post","link":"https:\/\/consbelohorizonte.esteri.it\/it\/news\/dal_consolato\/2022\/06\/ingressi-rientri-in-italia-dall\/","title":{"rendered":"INGRESSI\/RIENTRI IN ITALIA DALL\u2019ESTERO"},"content":{"rendered":"<p style=\"text-align: justify;\">Dal 1 giugno 2022, non \u00e8 pi\u00f9 richiesto il Green Pass (n\u00e9 certificazione equivalente) per l\u2019ingresso o il rientro in Italia.<\/p>\n<p style=\"text-align: justify;\">Sono infatti decadute dal 31 maggio scorso le misure restrittive prescritte per l\u2019ingresso in Italia gia\u2019 disposte con Ordinanze del Ministro della Salute.<\/p>\n<p style=\"text-align: justify;\">Sino al 15 giugno 2022 rimangono tuttavia in vigore in Italia alcune misure di contenimento del COVID-19 per il cui dettaglio pregasi consultare il sito <a href=\"https:\/\/www.viaggiaresicuri.it\/approfondimenti-insights\/saluteinviaggio\">https:\/\/www.viaggiaresicuri.it\/approfondimenti-insights\/saluteinviaggio<\/a><\/p>\n<p style=\"text-align: justify;\">\u00a0<\/p>\n","protected":false},"excerpt":{"rendered":"Dal 1 giugno 2022, non \u00e8 pi\u00f9 richiesto il Green Pass (n\u00e9 certificazione equivalente) per l\u2019ingresso o il rientro in Italia. Sono infatti decadute dal 31 maggio scorso le misure restrittive prescritte per l\u2019ingresso in Italia gia\u2019 disposte con Ordinanze del Ministro della Salute. Sino al 15 giugno 2022 rimangono tuttavia in vigore in Italia [&hellip;]","protected":false},"author":1,"featured_media":0,"comment_status":"","ping_status":"","sticky":false,"template":"","format":"standard","meta":{"footnotes":""},"tags":[],"class_list":["post-560","post","type-post","status-publish","format-standard","hentry"],"_links":{"self":[{"href":"https:\/\/consbelohorizonte.esteri.it\/it\/wp-json\/wp\/v2\/posts\/560","targetHints":{"allow":["GET"]}}],"collection":[{"href":"https:\/\/consbelohorizonte.esteri.it\/it\/wp-json\/wp\/v2\/posts"}],"about":[{"href":"https:\/\/consbelohorizonte.esteri.it\/it\/wp-json\/wp\/v2\/types\/post"}],"author":[{"embeddable":true,"href":"https:\/\/consbelohorizonte.esteri.it\/it\/wp-json\/wp\/v2\/users\/1"}],"replies":[{"embeddable":true,"href":"https:\/\/consbelohorizonte.esteri.it\/it\/wp-json\/wp\/v2\/comments?post=560"}],"version-history":[{"count":0,"href":"https:\/\/consbelohorizonte.esteri.it\/it\/wp-json\/wp\/v2\/posts\/560\/revisions"}],"wp:attachment":[{"href":"https:\/\/consbelohorizonte.esteri.it\/it\/wp-json\/wp\/v2\/media?parent=560"}],"wp:term":[{"taxonomy":"post_tag","embeddable":true,"href":"https:\/\/consbelohorizonte.esteri.it\/it\/wp-json\/wp\/v2\/tags?post=560"}],"curies":[{"name":"wp","href":"https:\/\/api.w.org\/{rel}","templated":true}]}}