{"id":555,"date":"2022-07-21T19:47:41","date_gmt":"2022-07-21T17:47:41","guid":{"rendered":"https:\/\/consbelohorizonte.esteri.it\/news\/dal_consolato\/2022\/07\/8-festa-do-cinema-italiano-volta\/"},"modified":"2022-07-21T19:47:41","modified_gmt":"2022-07-21T17:47:41","slug":"8-festa-do-cinema-italiano-volta","status":"publish","type":"post","link":"https:\/\/consbelohorizonte.esteri.it\/it\/news\/dal_consolato\/2022\/07\/8-festa-do-cinema-italiano-volta\/","title":{"rendered":"8 \u00bd FESTA DO CINEMA ITALIANO VOLTA AO PRESENCIAL"},"content":{"rendered":"<p style=\"text-align: center;\"><strong>EM 2022, 8 \u00bd FESTA DO CINEMA ITALIANO VOLTA AO PRESENCIAL, AMPLIA CIRCUITO E LEVA O MELHOR <\/strong><\/p>\n<p style=\"text-align: center;\"><strong>DO CINEMA ITALIANO CONTEMPOR\u00c2NEO A 19 CIDADES DO BRASIL<\/strong><\/p>\n<p style=\"text-align: center;\">\u00a0<\/p>\n<p style=\"text-align: center;\"><img decoding=\"async\" src=\"resource\/img\/2022\/07\/ennio_il_maestro.jpg\" alt=\"ennio il maestro\" \/><\/p>\n<p>\u00a0<\/p>\n<p>Em <strong>2022<\/strong>, o 8 \u00bd Festa do Cinema Italiano encara o desafio de voltar ao formato presencial, em uma edi\u00e7\u00e3o que amplia mais uma vez seu circuito e traz a sele\u00e7\u00e3o dos melhores filmes italianos dos \u00faltimos anos, todos in\u00e9ditos nas salas de 19 cinemas no Brasil, entre 28 de julho e 10 de agosto.<\/p>\n<p>De 28 de julho a 3 de agosto, recebem o Festival as cidades de S\u00e3o Paulo, Rio de Janeiro, Belo Horizonte, Bras\u00edlia, Salvador, Recife e Porto Alegre. Na sequ\u00eancia, entre os dias 4 e 10 de agosto, \u00e9 a vez de Vit\u00f3ria, Fortaleza, Natal, Bel\u00e9m, Curitiba, Florian\u00f3polis, Londrina, Santos, Campinas, Goi\u00e2nia, Niter\u00f3i e Maring\u00e1.<\/p>\n<p>Em 2021, o festival realizou sua segunda edi\u00e7\u00e3o totalmente online, com nove filmes in\u00e9ditos e dois em pr\u00e9-estreia nacional em sua programa\u00e7\u00e3o gratuita. Em 2020 e 2021, o 8 \u00bd Festa do Cinema Italiano reuniu mais de 200 mil espectadores. Em 2019, a \u00faltima edi\u00e7\u00e3o presencial contou com 44.120 espectadores.<\/p>\n<p>A programa\u00e7\u00e3o completa da primeira semana de Festival, com os filmes e hor\u00e1rios est\u00e1 dispon\u00edvel no site oficial do evento (www.festadocinemaitaliano.com.br) e pode ser baixada aqui.<\/p>\n<p>\u00a0<\/p>\n<p><span style=\"text-decoration: underline;\"><strong>Homenagem a Ennio Morricone<\/strong><\/span><\/p>\n<p>Como parte da programa\u00e7\u00e3o contempor\u00e2nea, que conta com pr\u00e9-estreias exclusivas em territ\u00f3rio brasileiro, o festival este ano traz a exibi\u00e7\u00e3o especial de &#8220;Ennio, o Maestro&#8221;, document\u00e1rio que Giuseppe Tornatore (de &#8220;Cinema Paradiso&#8221; e &#8220;Mallena&#8221;) realizou sobre a vida e obra do grande maestro.<\/p>\n<p>A programa\u00e7\u00e3o da homenagem conta com a colabora\u00e7\u00e3o especial de Marco Morricone, filho de Ennio Morricone, que participa de debate com o p\u00fablico do Festa via online, em encontro cuja data ser\u00e1 definida em breve.<\/p>\n<p>Em &#8220;Ennio, o Maestro&#8221;, Tornatore, grande parceiro do maestro e compositor, reconta a hist\u00f3ria de Ennio desde a inf\u00e2ncia at\u00e9 a vida adulta, passando pelos anos de conservat\u00f3rio e, claro, por seus grandes filmes e pr\u00eamios, sem esquecer do Oscar: seis indica\u00e7\u00f5es e dois pr\u00eamios (Um honor\u00e1rio pela carreira em 2007 e outro pela trilha sonora de &#8220;Os Oito Odiados&#8221;, de Quentin Tarantino, em 2016). Mais que uma aula de cinema, \u00e9 tamb\u00e9m uma aula de m\u00fasica, uma li\u00e7\u00e3o sobre a genialidade de Morricone, que criava para o cinema como quem desenhava a m\u00fasica em sua mente antes de escrev\u00ea-la ou grav\u00e1-la.<\/p>\n<p>&#8220;Papai pode ser considerado um compositor vers\u00e1til, que em mais de meio s\u00e9culo, escreveu tanto m\u00fasica &#8220;absoluta&#8221; (ou seja, concebida como um ato criativo livre e n\u00e3o condicionado) quanto m\u00fasica &#8220;aplicada&#8221; (ou seja, a servi\u00e7o de outra arte: cinema, teatro, televis\u00e3o)&#8221;, comenta Marco.<\/p>\n<p>Um dos maiores nomes n\u00e3o s\u00f3 da m\u00fasica para o cinema, mas da m\u00fasica contempor\u00e2nea, Ennio Morricone comp\u00f4s mais de 500 trilhas sonoras para o cinema e TV. Ousado, sempre fugiu do convencional e sempre prop\u00f4s partituras e m\u00fasicas que n\u00e3o fossem \u00f3bvias. Como resultado, ajudou a criar obras-primas do cinema como &#8220;Tr\u00eas Homens em Conflito&#8221;, &#8220;A Miss\u00e3o&#8221;, &#8220;Era Uma Vez na Am\u00e9rica&#8221;, &#8220;Os Intoc\u00e1veis&#8221;, &#8220;Cinema Paradiso&#8221;, &#8220;A Balada de Sacco e Vanzetti&#8221;, entre outros.<\/p>\n<p>&#8220;Ainda hoje \u00e9 um clich\u00ea bastante difundido considerar os dois lados de sua atividade como compositor como separados: por um lado, a grande produ\u00e7\u00e3o de m\u00fasica &#8220;absoluta&#8221;, que pertence ao universo das neovanguardas e experi\u00eancias como a no Grupo de Improvisa\u00e7\u00e3o Nuova Consonanza (onde ingressou em 1965), que sempre manteve uma forte tens\u00e3o e car\u00e1ter modernista; por outro lado, o trabalho ainda mais extenso no campo da m\u00fasica &#8220;aplicada&#8221;, marcado por colabora\u00e7\u00f5es com os mais importantes diretores italianos e internacionais, de Bernardo Bertolucci e Pier Paolo Pasolini aos irm\u00e3os Paolo e Vittorio Taviani, de Brian De Palma a Quentin Tarantino, de Roman Polanski a Pedro Almod\u00f3var e, em particular, das parcerias com Sergio Leone, Gillo Pontecorvo e Giuseppe Tornatore&#8221;, analisa Marco.<\/p>\n<p>Exibido no 78\u00ba Festival de Veneza, &#8220;Ennio, o Maestro&#8221; revela o compositor e maestro por meio de uma longa entrevista conduzida por Tornatore, al\u00e9m de depoimentos de realizadores e m\u00fasicos, incluindo alguns muito conhecidos do grande p\u00fablico como Bernardo Bertolucci, Marco Bellocchio, Dario Argento, Quentin Tarantino, Wong Kar Wai (um dos produtores e distribuidor do filme), Bruce Springsteen, Joan Baez, Lina Wertm\u00fcller, John Williams e Hans Zimmer.<\/p>\n<p>A esta longa lista de admiradores e colaboradores, juntam-se fragmentos da vida privada de Morricone, grava\u00e7\u00f5es dos espect\u00e1culos, excertos dos filmes e imagens in\u00e9ditas dos arquivos pessoais. Embora seja imposs\u00edvel definir o grande g\u00eanio superlativo e revolucion\u00e1rio de Ennio Morricone em duas horas e meia, este belo tributo ao \u201cIl Maestro&#8221; consegue revelar parte do mist\u00e9rio por tr\u00e1s de sua extraordin\u00e1ria criatividade.<\/p>\n<p><span style=\"text-decoration: underline;\"><strong>Programa\u00e7\u00e3o que une a tradi\u00e7\u00e3o \u00e0 vanguarda do cinema italiano<\/strong><\/span><\/p>\n<p>Sempre de olho no que de melhor a produ\u00e7\u00e3o italiana contempor\u00e2nea tem produzido tanto no cinema cl\u00e1ssico quanto no de vanguarda, o Festa do Cinema Italiano traz uma programa\u00e7\u00e3o que une jovens talentos com veteranos, experimenta\u00e7\u00f5es e filmes de linguagem cl\u00e1ssica.<\/p>\n<p>Na lista dos veteranos que est\u00e3o tamb\u00e9m sempre inovando, Paolo Taviani chega com &#8220;LEONORA ADEUS&#8221;, seu primeiro longa-metragem depois da morte de seu irm\u00e3o e parceiro de toda a vida, Vittorio Taviani, para quem Paolo dedica o filme. Aos 91 anos, o diretor prova porque \u00e9 um dos principais nomes da s\u00e9tima arte mundial, vencedor do Urso de Berlim em 2012 por &#8220;Cesar Deve Morrer&#8221;, e, com Vittorio, realizador de cl\u00e1ssicos como &#8220;Pai Patr\u00e3o&#8221;(1977) e &#8220;A Noite de S\u00e3o Louren\u00e7o&#8221; (1982).<\/p>\n<p>Exibido no Festival de Berlim 2022, &#8220;Leonora Adeus&#8221; tem uma narrativa nada convencional, o longa levou o pr\u00eamio de Melhor Filme segundo a Fipresci (Federa\u00e7\u00e3o Internacional de Cr\u00edticos de Cinema). O filme parte da hist\u00f3ria real do escritor Luigi Pirandello e cria uma f\u00e1bula ousada, que traz cenas de cl\u00e1ssicos do neorrealismo italiano mescladas com cenas filmadas por Taviani, que conta a hist\u00f3ria das cinzas do autor. Siciliano de Agrigento, Pirandello, que faleceu em 1936 e nunca quis um funeral pomposo. Ao contr\u00e1rio, deixou escrito que queria que suas cinzas fossem depositadas no pequeno vilarejo em que nasceu. Mas a transfer\u00eancia dos restos mortais \u00e9 marcada por in\u00fameros acontecimentos surreais &#8211; alguns deles baseados nas pr\u00f3prias fic\u00e7\u00f5es do autor, como o conto &#8220;Leonora Adeus&#8221;, de 1910, e &#8220;Il Chiodo&#8221;(ou &#8220;O Prego&#8221;), escrito em 1936, pouco antes de sua morte.<\/p>\n<p>J\u00e1 &#8220;IL BUCO&#8221; traz ao festival a vanguarda e a experimenta\u00e7\u00e3o do cineasta Michelangelo Frammartino, que recebeu o Pr\u00eamio Especial do J\u00fari no Festival de Veneza 2021. Diretor do tamb\u00e9m premiado &#8220;As Quatro Voltas&#8221; (2010), o cineasta milan\u00eas une o cinema de observa\u00e7\u00e3o documental \u00e0 fabula\u00e7\u00e3o para criar narrativas inovadoras, que mergulham fundo no cotidiano de seus personagens.<\/p>\n<p>Em &#8220;IL BUCO&#8221;, Frammartino literalmente mergulha na jornada realizada por um grupo de jovens espele\u00f3logos que encontra pela primeira vez o fundo do Abismo do Bifurto, uma das cavernas mais profundas do mundo, 700 metros abaixo da Terra, na Cal\u00e1bria.<\/p>\n<p>Em paralelo, o cineasta nos transporta para a d\u00e9cada de 1960, quando o edif\u00edcio mais alto da Europa estava sendo constru\u00eddo no pr\u00f3spero norte da It\u00e1lia. Os contrastes entre estes dois mundos criam novas sensa\u00e7\u00f5es, d\u00e3o tridimensionalidade \u00e0 tela, deixando que a pr\u00f3pria natureza e a humanidade se revelem de acordo com os seus ritmos, e que sejam os seus sons e n\u00e3o os di\u00e1logos que falam. Mais uma vez, Frammartino nos conduz por uma maravilhosa medita\u00e7\u00e3o sobre a curiosidade fundamental de compreender as profundezas incognosc\u00edveis do mundo natural.<\/p>\n<p>Experimenta\u00e7\u00e3o, ousadia, vanguarda e tamb\u00e9m um cl\u00e1ssico. Tudo isso se aplica a &#8220;MAMMA ROMA&#8221;, o genial longa do mestre Pier Paolo Pasolini, que ganha homenagem em mem\u00f3ria de seus 100 anos, completados em 5 de mar\u00e7o \u00faltimo.<\/p>\n<p>Interpretada magistralmente por Anna Magnani, Mamma Roma \u00e9 uma prostituta de meia-idade que sonha em mudar de classe social para poder voltar a viver com seu filho adolescente, Ettore. Ela faz de tudo para dar uma vida melhor a ele, mas o jovem n\u00e3o quer saber de estudar ou trabalhar e vive na rua com os amigos arruaceiros. Quando o passado de Mamma volta a atorment\u00e1-la, ela vai perceber que o recome\u00e7o \u00e9 incerto e, talvez, inalcan\u00e7\u00e1vel.<\/p>\n<p>Segundo longa de Pasolini e uma de suas primeiras obras a retratar os exclu\u00eddos da sociedade italiana, &#8220;MAMMA ROMA&#8221; \u00e9 um retrato neorrealista, duro, mas tamb\u00e9m repleto de poesia sobre o mart\u00edrio desta m\u00e3e contempor\u00e2nea, que marca uma transi\u00e7\u00e3o na filmografia inicial do subversivo cineasta.<\/p>\n<p>Ousadia e vanguarda tamb\u00e9m marcam o moderno &#8220;FREAKS OUT&#8221;, de Gabriele Mainetti. Diretor de &#8220;Meu Nome \u00e9 Jeeg Robot&#8221;, que j\u00e1 em 2015 explorava o universo dos super her\u00f3is nada convencionais ao trazer o ator Claudio Santamaria no papel de um desajustado romano que descobre que tem poderes especiais, o jovem Mainetti desta vez volta a trabalhar com Santamaria, mas traz tamb\u00e9m um time de peso formado por Pietro Castellitto, Giancarlo Martini e Giorgio Tirabassi.<\/p>\n<p>Desta vez, a hist\u00f3ria se passa na Roma na Segunda Guerra Mundial, mais precisamente 1943, quando Matilde, Cencio, Fulvio e Mario vivem como irm\u00e3os no circo dirigido por Israel. Os her\u00f3is desta vez descobrem o valor de seus poderes quando Israel desaparece misteriosamente, talvez em fuga ou talvez capturado pelos nazistas. Eles, ent\u00e3o, s\u00e3o deixados sozinhos na cidade ocupada, mas os seus poderes sobrenaturais v\u00e3o despertar a aten\u00e7\u00e3o de algu\u00e9m, com um plano que poder\u00e1 mudar o curso da Hist\u00f3ria.<\/p>\n<p>Inovador ao explorar o universo dos filmes de her\u00f3is fora do territ\u00f3rio de Hollywood, Mainetti prova que este multiverso \u00e9 muito mais diverso e cheio de possibilidades do que o que imaginamos.<\/p>\n<p>Para quem ama o cinema autoral, com um p\u00e9 na dram\u00e9dia, &#8220;GUIA ROM\u00c2NTICO PARA LUGARES PERDIDOS\u201d, de Giorgia Farina, surpreende. A come\u00e7ar pelo elenco, que une o ator brit\u00e2nico Clive Owen \u00e0 atriz e diretora italiana Jasmine Trinca e a participa\u00e7\u00e3o mais que especial da francesa Ir\u00e8ne Jacob.<\/p>\n<p>Na trama, Trinca vive Allegra, uma blogueira \/ influencer de viagens agoraf\u00f3bica, que nunca p\u00f5e o p\u00e9 para fora de casa. Ela \u00e9 uma fraude como exploradora, inventa os textos que publica, sofre de ataques de p\u00e2nico e tem todas as fobias do mundo. J\u00e1 Benno (Clive) \u00e9 um bem sucedido jornalista, que faz especiais sobre o estilo de vida italiano para a TV inglesa, mas sofre de alcoolismo e bebe at\u00e9 esquecer de si mesmo.<\/p>\n<p>Eles s\u00e3o vizinhos desconhecidos que n\u00e3o se conhecem, mas por um acaso do \u00f3timo roteiro, que foge do \u00f3bvio e dos clich\u00eas das com\u00e9dias rom\u00e2nticas, acabam tendo de embarcar juntos em uma viagem improv\u00e1vel. Exibido no 77\u00ba Festival de Cinema de Veneza, o terceiro longa-metragem de Giorgia Farina \u00e9 mais que um guia rom\u00e2ntico. O longa \u00e9 uma jornada de autodescoberta entre lugares perdidos e esquecidos n\u00e3o s\u00f3 da geografia da It\u00e1lia, Fran\u00e7a e Inglaterra, mas das pr\u00f3prias emo\u00e7\u00f5es e traumas de cada um.<\/p>\n<p>Para quem ama Toni Servillo (de &#8220;A Grande Beleza&#8221;), &#8220;O REI DO RISO&#8221;, de Mario Martone, traz o ator em grande performance na pele do lend\u00e1rio Eduardo Scarpetta, mestre da com\u00e9dia italiana.<\/p>\n<p>Na N\u00e1poles da Belle \u00c9poque do in\u00edcio do s\u00e9culo 20, um ator criou a personagem burlesca de Felice Sciosciammocca, e as salas lotavam para ver suas apresenta\u00e7\u00f5es. Rei do riso e rei das bilheteiras, Eduardo Scarpetta (1853-1925), interpretado de forma brilhante pelo grande ator Toni Servillo, encenava uma par\u00f3dia de \u201cLa figlia di Iorio\u201d, trag\u00e9dia escrita pelo maior poeta italiano da \u00e9poca, Gabriele D\u2019Annunzio, e fazia muito sucesso. Mas um dia a apresenta\u00e7\u00e3o \u00e9 interrompida por vaias e assobios e Scarpetta acaba sendo processado por pl\u00e1gio por D\u2019Annunzio, marcando a primeira a\u00e7\u00e3o judicial sobre direitos autorais na It\u00e1lia. Inspirado em acontecimentos reais, o filme tem produ\u00e7\u00e3o esmerada deMario Martone, encenador e cineasta que assina alguns dos grandes t\u00edtulos do cinema italiano das \u00faltimas d\u00e9cadas. Em &#8220;O REI DO RISO&#8221;, o cineasta, sempre apaixonado pela cultura napolitana, revisita as tradi\u00e7\u00f5es do teatro napolitano e recria o que ele pr\u00f3prio chama \u201co romance imagin\u00e1rio de Eduardo Scarpetta e da sua tribo\u201d.<\/p>\n<p>Uma \u201ctribo\u201d familiar e teatral, onde se juntavam a mulher e as amantes, os filhos leg\u00edtimos e os ileg\u00edtimos, entre eles o famoso dramaturgo italiano Eduardo De Filippo, que nasceu da rela\u00e7\u00e3o de Scarpetta com a sobrinha de sua mulher.<\/p>\n<p>Confira outros destaques do 8 \u00bd Festa do Cinema Italiano 2022 <a href=\"resource\/doc\/2022\/07\/sinopses_e_fichas_tcnicas.docx\">clicando aqui em SINOPSES<\/a>.<\/p>\n<p>\u00a0<\/p>\n<p><span style=\"text-decoration: underline;\"><strong>Realiza\u00e7\u00e3o e apoios<\/strong><\/span><\/p>\n<p>O festival \u00e9 realizado pela Associa\u00e7\u00e3o Il Sorpasso \/ Risi Film Brasil com o apoio dos Institutos Italianos de Cultura de S\u00e3o Paulo e Rio de Janeiro e da Embaixada da It\u00e1lia, do MIBACT e da Cinecitt\u00e0, com organiza\u00e7\u00e3o Log\u00edstica &#8211; Bonfilm.<\/p>\n<p>O 8 \u00bd Festa do Cinema Italiano \u00e9 um evento organizado no Brasil pela Associa\u00e7\u00e3o Il Sorpasso e Risi Film Brasil e com apoios e promo\u00e7\u00e3o dos Institutos Italianos de Cultura do Rio de Janeiro e de S\u00e3o Paulo, com o suporte institucional da rede diplom\u00e1tico-consular italiana no Brasil, al\u00e9m da organiza\u00e7\u00e3o log\u00edstica daBonfilm.<\/p>\n<p>Al\u00e9m dos parceiros institucionais, o evento \u00e9 realizado com o patroc\u00ednio principal da Generali Seguros, primeira seguradora estrangeira a chegar ao Brasil, h\u00e1 97 anos. A Generali Seguros integra o Grupo Generali, maior companhia de seguros da It\u00e1lia e uma das maiores da Europa, presente em cerca de 50 pa\u00edses.<\/p>\n<p>Em 2022, o Festival tamb\u00e9m conta com os parceiros de m\u00eddia Folha de S\u00e3o Paulo, Papo de Cinema, Comunit\u00e0 Italiana e Arte 1.<\/p>\n","protected":false},"excerpt":{"rendered":"EM 2022, 8 \u00bd FESTA DO CINEMA ITALIANO VOLTA AO PRESENCIAL, AMPLIA CIRCUITO E LEVA O MELHOR DO CINEMA ITALIANO CONTEMPOR\u00c2NEO A 19 CIDADES DO BRASIL \u00a0 \u00a0 Em 2022, o 8 \u00bd Festa do Cinema Italiano encara o desafio de voltar ao formato presencial, em uma edi\u00e7\u00e3o que amplia mais uma vez seu circuito [&hellip;]","protected":false},"author":1,"featured_media":0,"comment_status":"","ping_status":"","sticky":false,"template":"","format":"standard","meta":{"footnotes":""},"tags":[],"class_list":["post-555","post","type-post","status-publish","format-standard","hentry"],"_links":{"self":[{"href":"https:\/\/consbelohorizonte.esteri.it\/it\/wp-json\/wp\/v2\/posts\/555","targetHints":{"allow":["GET"]}}],"collection":[{"href":"https:\/\/consbelohorizonte.esteri.it\/it\/wp-json\/wp\/v2\/posts"}],"about":[{"href":"https:\/\/consbelohorizonte.esteri.it\/it\/wp-json\/wp\/v2\/types\/post"}],"author":[{"embeddable":true,"href":"https:\/\/consbelohorizonte.esteri.it\/it\/wp-json\/wp\/v2\/users\/1"}],"replies":[{"embeddable":true,"href":"https:\/\/consbelohorizonte.esteri.it\/it\/wp-json\/wp\/v2\/comments?post=555"}],"version-history":[{"count":0,"href":"https:\/\/consbelohorizonte.esteri.it\/it\/wp-json\/wp\/v2\/posts\/555\/revisions"}],"wp:attachment":[{"href":"https:\/\/consbelohorizonte.esteri.it\/it\/wp-json\/wp\/v2\/media?parent=555"}],"wp:term":[{"taxonomy":"post_tag","embeddable":true,"href":"https:\/\/consbelohorizonte.esteri.it\/it\/wp-json\/wp\/v2\/tags?post=555"}],"curies":[{"name":"wp","href":"https:\/\/api.w.org\/{rel}","templated":true}]}}