{"id":549,"date":"2022-08-03T19:18:49","date_gmt":"2022-08-03T17:18:49","guid":{"rendered":"https:\/\/consbelohorizonte.esteri.it\/news\/dal_consolato\/2022\/08\/o-cinema-segundo-pasolini-mostra\/"},"modified":"2022-08-03T19:18:49","modified_gmt":"2022-08-03T17:18:49","slug":"o-cinema-segundo-pasolini-mostra","status":"publish","type":"post","link":"https:\/\/consbelohorizonte.esteri.it\/it\/news\/dal_consolato\/2022\/08\/o-cinema-segundo-pasolini-mostra\/","title":{"rendered":"O Cinema segundo Pasolini &#8211; Mostra comemorativa dos 100 anos do diretor italiano"},"content":{"rendered":"<p style=\"text-align: center;\"><strong>MOSTRA COMEMORATIVA DOS 100 ANOS DE PIER PAOLO PASOLINI<\/strong><\/p>\n<p style=\"text-align: center;\"><em>Programa\u00e7\u00e3o conta com estreia de document\u00e1rio, exibi\u00e7\u00e3o de 7 longas e palestra sobre a carreira e vida do diretor italiano<\/em><\/p>\n<p style=\"text-align: center;\">\u00a0<\/p>\n<p style=\"text-align: justify;\">Em celebra\u00e7\u00e3o ao centen\u00e1rio de Pier Paolo Pasolini, a Funda\u00e7\u00e3o Cl\u00f3vis Salgado, por meio do Cine Humberto Mauro, apresenta a mostra <strong>O Cinema Segundo Pasolini<\/strong>, que exibe, entre os dias 5 e 9 de agosto, 7 obras restauradas do realizador de cinema italiano. A mostra conta tamb\u00e9m com a estreia nacional do document\u00e1rio <strong>O Jovem Cors\u00e1rio<\/strong>, de Em\u00edlio Marrese, que aborda a trajet\u00f3ria art\u00edstica e pessoal de Pasolini. No dia 10 de agosto, a Casa Fiat de Cultura apresenta a palestra online <strong>Pier Paolo Pasolini \u2013 Vida e Obra<\/strong>, ministrada pelo professor e especialista em cinema Luiz Nazario, com media\u00e7\u00e3o do curador do Cine Humberto Mauro, Bruno Hil\u00e1rio. As celebra\u00e7\u00f5es s\u00e3o uma realiza\u00e7\u00e3o conjunta do Consulado da It\u00e1lia em Belo Horizonte, do Instituto Italiano de Cultura do Rio de Janeiro, da Funda\u00e7\u00e3o Cl\u00f3vis Salgado e da Casa Fiat de Cultura.<\/p>\n<p style=\"text-align: justify;\"><strong>O cinema po\u00e9tico de Pasolini<\/strong> &#8211; Escritor, poeta e cineasta, Pasolini transformou-se em um artista controverso na s\u00e9tima arte, sempre tratando de temas sociais, culturais e pol\u00edticos. A forma com a qual abordava assuntos pol\u00eamicos em suas obras, como o erotismo e a viol\u00eancia, fizeram do diretor italiano uma figura simultaneamente aclamada e refutada no cinema.<\/p>\n<p style=\"text-align: justify;\">Trazendo em seus primeiros filmes caracter\u00edsticas do neorrealismo italiano, influenciados pela sua viv\u00eancia em uma It\u00e1lia que convivia com cen\u00e1rios decadentes do p\u00f3s-segunda Guerra Mundial, as narrativas e roteiros de Pasolini traziam tamb\u00e9m nuances po\u00e9ticas e liter\u00e1rias que marcaram intensamente a carreira do diretor.<\/p>\n<p style=\"text-align: justify;\">Trabalhando assiduamente com diversos nomes expressivos da s\u00e9tima arte, como Fellini e Rossellini, Pasolini influenciou uma gama de artistas contempor\u00e2neos tanto para o cinema, quanto para a literatura.<\/p>\n<p style=\"text-align: justify;\"><strong>Destaques da programa\u00e7\u00e3o e exibi\u00e7\u00e3o de document\u00e1rio in\u00e9dito<\/strong> &#8211; A programa\u00e7\u00e3o da mostra selecionou 7 filmes restaurados de diversas fases da cinematografia do diretor. Entre os destaques, figuram os longas O Evangelho Segundo S\u00e3o Mateus, que aborda a hist\u00f3ria de Jesus Cristo, a partir do texto de S\u00e3o Mateus, de seu nascimento \u00e0 ressurrei\u00e7\u00e3o, trazendo um personagem revolucion\u00e1rio e humanizado. Outro filme em evid\u00eancia \u00e9 o document\u00e1rio Com\u00edcios de Amor em que Pasolini, com um microfone na m\u00e3o e uma c\u00e2mera, percorre as ruas para perguntar aos italianos o que pensam em rela\u00e7\u00e3o ao casamento, fidelidade e a normatividade.<\/p>\n<p style=\"text-align: justify;\">Com estreia nacional no Cine Humberto Mauro, o document\u00e1rio O Jovem Cors\u00e1rio, de Emil\u00edo Marrese, ser\u00e1 no dia 08\/08 (segunda-feira), \u00e0s 19h. O filme percorre a carreira e vida de Pasolini, reunindo conte\u00fados in\u00e9ditos, com uma ampla sele\u00e7\u00e3o de documentos in\u00e9ditos do diretor, reconstruindo o per\u00edodo de sua juventude centrado na cidade de Bolonha, onde nasceu, em 1922. A hist\u00f3ria se desenvolve no contexto de uma escolha narrativa significativa: um estudante decide realizar sua tese de licenciatura pautando-se na rela\u00e7\u00e3o entre Pasolini e a cidade de Bolonha.<\/p>\n<p style=\"text-align: justify;\">As sess\u00f5es comentadas do programa Hist\u00f3ria Permanente do Cinema, contam com a obra Accattone &#8211; Desajuste Social, no dia 05\/08 (sexta-feira), \u00e0s 19h, com coment\u00e1rios do cr\u00edtico de cinema Gabriel Ara\u00fajo. Al\u00e9m da exibi\u00e7\u00e3o e debate do longa \u00c9dipo Rei, no dia 09\/08 (ter\u00e7a-feira), \u00e0s 19h, com participa\u00e7\u00e3o do diretor da Companhia de Teatro, Luiz Paix\u00e3o.<\/p>\n<p style=\"text-align: justify;\"><strong>Palestra online Pier Paolo Pasolini<\/strong> \u2013 Vida e Obra &#8211; No dia 10 de agosto, das 19h \u00e0s 20h30, Consulado da It\u00e1lia em Belo Horizonte e Casa Fiat de Cultura realizam a palestra virtual, no canal do YouTube da institui\u00e7\u00e3o, que ser\u00e1 ministrada pelo professor e especialista em cinema Luiz Nazario, com media\u00e7\u00e3o do curador do Cine Humberto Mauro, Bruno Hil\u00e1rio.<\/p>\n<p style=\"text-align: justify;\">Nazario apresentar\u00e1 uma vis\u00e3o panor\u00e2mica sobre a vida e a obra do mais pol\u00eamico e censurado escritor e cineasta italiano, com destaque para sua juventude vivida sob o fascismo, sua paix\u00e3o pela cultura popular, seus esc\u00e2ndalos sexuais, a presen\u00e7a do Sagrado em sua obra, sua vis\u00e3o da muta\u00e7\u00e3o antropol\u00f3gica do povo italiano e sua morte violenta.<\/p>\n<p style=\"text-align: justify;\">No centen\u00e1rio de Pasolini, o professor reafirma a import\u00e2ncia do cineasta, escritor e poeta. \u201cEle introduziu a homossexualidade popular na literatura e no cinema italianos. Criou uma fascinante teoria da vida, uma semiologia da realidade fundamental para a compreens\u00e3o do mundo contempor\u00e2neo, e ousou exprimir sua vis\u00e3o de mundo freudo-marxista em um pa\u00eds cat\u00f3lico-fascista\u201d, analisa.<\/p>\n<p style=\"text-align: justify;\">Nazario reflete sobre a observa\u00e7\u00e3o do cineasta alem\u00e3o Werner Schroeter: \u201cSe hoje Pasolini \u00e9 visto como santo, quando vivo era visto como um porco\u201d. \u00c0 \u00e9poca de sua morte, o assassinato foi celebrado, com piadas at\u00e9 mesmo em grandes ve\u00edculos de comunica\u00e7\u00e3o. \u201cPasolini foi assassinado culturalmente, antes de ser assassinado fisicamente\u201d, afirma, recordando a espantosa cr\u00f4nica dos linchamentos morais e processos judici\u00e1rios que sofreu, compilada e publicada por sua amiga Laura Betti.<\/p>\n<p style=\"text-align: justify;\">A palestra Pier Paolo Pasolini \u2013 Vida e Obra ser\u00e1 realizada no dia 10 de agosto, das 19h \u00e0s 20h30, com transmiss\u00e3o online pela Casa Fiat de Cultura. A inscri\u00e7\u00e3o deve ser feita pela Sympla (https:\/\/bit.ly\/PalestraPasolini), gratuitamente.<\/p>\n<p style=\"text-align: justify;\">\u00a0<\/p>\n<p style=\"text-align: justify;\"><span style=\"text-decoration: underline;\"><strong>Luiz Nazario<\/strong><\/span><\/p>\n<p style=\"text-align: justify;\">\u00c9 Professor Titular de Cinema da Escola de Belas Artes da UFMG. Doutor em Hist\u00f3ria pela USP, com a tese Imagin\u00e1rios de destrui\u00e7\u00e3o \u2013 O papel do cinema na prepara\u00e7\u00e3o do Holocausto. Cr\u00edtico e escritor, com ampla colabora\u00e7\u00e3o na imprensa brasileira, publicou diversos livros, dentre os quais Da natureza dos monstros (Arte &#038; Ci\u00eancia, 1998), As sombras m\u00f3veis (UFMG, 1999), Autos-de-f\u00e9 como espet\u00e1culos de massa (Humanitas, 2005), Todos os corpos de Pasolini (Perspectiva, 2007) e O cinema errante, Perspectiva, 2013).<\/p>\n<p style=\"text-align: justify;\"><span style=\"text-decoration: underline;\"><strong>Bruno Hil\u00e1rio<\/strong><\/span><\/p>\n<p style=\"text-align: justify;\">Graduado em Cinema e Audiovisual pela UNA (Belo Horizonte). \u00c9 gerente curador do Cine Humberto Mauro, principal cinema p\u00fablico de Minas Gerais, trabalhando na curadoria e produ\u00e7\u00e3o de mostras de Cinema. Participa desde 2009 da equipe de produ\u00e7\u00e3o do Festival Internacional de Curtas de Belo Horizonte (FESTCURTASBH), sendo coordenador geral do evento, que chega a sua 24\u00aa edi\u00e7\u00e3o em 2022. Atuou como produtor executivo do filme Nimuendaj\u00fa (longa-metragem, 80 minutos, 4k, Salic: 100264), produzido pela ANAYA Produ\u00e7\u00f5es Culturais e coproduzido pela CineZebra (Alemanha) e Apus (Peru). Foi produtor da s\u00e9rie Felicidade, contemplada no edital FSA PRODAV 04\/2013. Produtor executivo do longa-metragem de fic\u00e7\u00e3o &#8220;Fragilidades&#8221;, em processo de desenvolvimento de roteiro. Ator e Produtor em diversos espet\u00e1culos teatrais produzidos pela Companhia de Teatro de Belo Horizonte, seu mais recente trabalho \u00e9 a pe\u00e7a &#8220;Capit\u00e3o Fracasso&#8221;, indicada a 5 categorias no PR\u00caMIO COPASA \/ SINPARC 2019, incluindo melhor espet\u00e1culo.<\/p>\n<p style=\"text-align: justify;\">Integram a programa\u00e7\u00e3o presencial e gratuita os longas Passarinhos e Passar\u00f5es (1969), Accattone &#8211; Desajuste Social (1961), Mamma Roma (1962), Com\u00edcios de Amor (1964), O Evangelho Segundo S\u00e3o Mateus (1964), Notas Para Uma Or\u00e9stia Africana (1970) e \u00c9dipo Rei (1967). As tradicionais sess\u00f5es comentadas do programa Hist\u00f3ria Permanente do Cinema tamb\u00e9m englobam a programa\u00e7\u00e3o da mostra e contam com a participa\u00e7\u00e3o do cr\u00edtico de cinema Gabriel Ara\u00fajo e do diretor da Companhia de Teatro, Luiz Paix\u00e3o.<\/p>\n<p style=\"text-align: justify;\">\u00a0<\/p>\n<p style=\"text-align: justify;\"><strong>O Cinema Segundo Pasolini<\/strong><\/p>\n<p style=\"text-align: justify;\">Data: 5 a 8 de agosto de 2022<\/p>\n<p style=\"text-align: justify;\">Local: Cine Humberto Mauro &#8211; Pal\u00e1cio das Artes<\/p>\n<p style=\"text-align: justify;\">Entrada Gratuita<\/p>\n<p style=\"text-align: justify;\">Endere\u00e7o: Av. Afonso Pena, 1.537, Centro<\/p>\n<p style=\"text-align: justify;\">Informa\u00e7\u00f5es para o p\u00fablico: (31) 3236-7400<\/p>\n","protected":false},"excerpt":{"rendered":"MOSTRA COMEMORATIVA DOS 100 ANOS DE PIER PAOLO PASOLINI Programa\u00e7\u00e3o conta com estreia de document\u00e1rio, exibi\u00e7\u00e3o de 7 longas e palestra sobre a carreira e vida do diretor italiano \u00a0 Em celebra\u00e7\u00e3o ao centen\u00e1rio de Pier Paolo Pasolini, a Funda\u00e7\u00e3o Cl\u00f3vis Salgado, por meio do Cine Humberto Mauro, apresenta a mostra O Cinema Segundo Pasolini, [&hellip;]","protected":false},"author":1,"featured_media":0,"comment_status":"","ping_status":"","sticky":false,"template":"","format":"standard","meta":{"footnotes":""},"tags":[],"class_list":["post-549","post","type-post","status-publish","format-standard","hentry"],"_links":{"self":[{"href":"https:\/\/consbelohorizonte.esteri.it\/it\/wp-json\/wp\/v2\/posts\/549","targetHints":{"allow":["GET"]}}],"collection":[{"href":"https:\/\/consbelohorizonte.esteri.it\/it\/wp-json\/wp\/v2\/posts"}],"about":[{"href":"https:\/\/consbelohorizonte.esteri.it\/it\/wp-json\/wp\/v2\/types\/post"}],"author":[{"embeddable":true,"href":"https:\/\/consbelohorizonte.esteri.it\/it\/wp-json\/wp\/v2\/users\/1"}],"replies":[{"embeddable":true,"href":"https:\/\/consbelohorizonte.esteri.it\/it\/wp-json\/wp\/v2\/comments?post=549"}],"version-history":[{"count":0,"href":"https:\/\/consbelohorizonte.esteri.it\/it\/wp-json\/wp\/v2\/posts\/549\/revisions"}],"wp:attachment":[{"href":"https:\/\/consbelohorizonte.esteri.it\/it\/wp-json\/wp\/v2\/media?parent=549"}],"wp:term":[{"taxonomy":"post_tag","embeddable":true,"href":"https:\/\/consbelohorizonte.esteri.it\/it\/wp-json\/wp\/v2\/tags?post=549"}],"curies":[{"name":"wp","href":"https:\/\/api.w.org\/{rel}","templated":true}]}}