{"id":528,"date":"2022-09-20T13:32:22","date_gmt":"2022-09-20T11:32:22","guid":{"rendered":"https:\/\/consbelohorizonte.esteri.it\/news\/dal_consolato\/2022\/09\/14-festa-tradicional-italiana\/"},"modified":"2022-09-20T13:32:22","modified_gmt":"2022-09-20T11:32:22","slug":"14-festa-tradicional-italiana","status":"publish","type":"post","link":"https:\/\/consbelohorizonte.esteri.it\/it\/news\/dal_consolato\/2022\/09\/14-festa-tradicional-italiana\/","title":{"rendered":"14\u00aa FESTA TRADICIONAL ITALIANA"},"content":{"rendered":"<p style=\"text-align: justify;\">Neste domingo, dia 25\/09\/2022 de 10h as 19h a ACIBRA\/MG apresenta a 14\u00aa Festa Tradicional Italiana de Belo Horizonte. O evento enriquece o calend\u00e1rio de eventos da cidade e representa o maior evento de cultura italiana realizado no Brasil. A expectativa de p\u00fablico \u00e9 de 40.000 pessoas. O evento apoiado pelo Consulado Italiano de Belo Horizonte ser\u00e1 realizado na Av. Get\u00falio Vargas, entre Av. Crist\u00f3v\u00e3o Colombo e a Rua Rio Grande do Norte na Savassi.<\/p>\n<p style=\"text-align: justify;\">A Festa Tradicional Italiana, criada pela Associa\u00e7\u00e3o de Cultura \u00cdtalo-brasileira de Minas Gerais &#8211; Acibra MG, tem como intuito preservar a hist\u00f3ria da presen\u00e7a italiana no estado, al\u00e9m de compartilhar com o p\u00fablico a imensa cultura da It\u00e1lia.<\/p>\n<p style=\"text-align: justify;\">Nesta edi\u00e7\u00e3o vamos comemorar o 700\u00ba anivers\u00e1rio da morte do genial Dante Alighieri um dos mais importantes escritores humanistas do renascimento liter\u00e1rio italiano.<\/p>\n<p style=\"text-align: justify;\">A festa promover\u00e1 uma programa\u00e7\u00e3o cultural intensa, composta por shows de cantores italianos, corais, dan\u00e7as folcl\u00f3ricas e 2 espet\u00e1culos bem italianos a Pisa da Uva e o Tombo da Polenta, com degusta\u00e7\u00e3o gratuita. E mais, com a doa\u00e7\u00e3o de 1 Kg de alimentos o participante concorrer\u00e1 a 2 passagens a\u00e9reas para Roma.<\/p>\n<p style=\"text-align: justify;\">Veja a programa\u00e7\u00e3o:<\/p>\n<p style=\"text-align: justify;\">\u00b7 11:30 h: Coral Arvore da Vida<\/p>\n<p style=\"text-align: justify;\">\u00b7 12:00 h: Grupo folcloristico de dan\u00e7a La Serenissima<\/p>\n<p style=\"text-align: justify;\">\u00b7 13:30 h: Boas vindas do Presidente da Acibra e do C\u00f4nsul italiano Maurizio Fedeli<\/p>\n<p style=\"text-align: justify;\">\u00b7 14:00 h: Show do cantor Veneziano Alberto Trincanato e Kennia<\/p>\n<p style=\"text-align: justify;\">\u00b7 16:00 h: Tombo da Polenta e Pisa da Uva<\/p>\n<p style=\"text-align: justify;\">\u00b7 17:00 h: Sorteio das 2 passagens para Roma<\/p>\n<p style=\"text-align: justify;\">\u00b7 17:30 h: Show da Bella e os Tenores<\/p>\n<p style=\"text-align: justify;\">No domingo as ruas da Savassi se transformar\u00e3o em uma vila italiana. O local ser\u00e1 decorado e ambientado de forma que moradores e turistas tenham uma experi\u00eancia singular, repleta de cores, cheiros, sabores e sons.<\/p>\n","protected":false},"excerpt":{"rendered":"Neste domingo, dia 25\/09\/2022 de 10h as 19h a ACIBRA\/MG apresenta a 14\u00aa Festa Tradicional Italiana de Belo Horizonte. O evento enriquece o calend\u00e1rio de eventos da cidade e representa o maior evento de cultura italiana realizado no Brasil. A expectativa de p\u00fablico \u00e9 de 40.000 pessoas. O evento apoiado pelo Consulado Italiano de Belo [&hellip;]","protected":false},"author":1,"featured_media":0,"comment_status":"","ping_status":"","sticky":false,"template":"","format":"standard","meta":{"footnotes":""},"tags":[],"class_list":["post-528","post","type-post","status-publish","format-standard","hentry"],"_links":{"self":[{"href":"https:\/\/consbelohorizonte.esteri.it\/it\/wp-json\/wp\/v2\/posts\/528","targetHints":{"allow":["GET"]}}],"collection":[{"href":"https:\/\/consbelohorizonte.esteri.it\/it\/wp-json\/wp\/v2\/posts"}],"about":[{"href":"https:\/\/consbelohorizonte.esteri.it\/it\/wp-json\/wp\/v2\/types\/post"}],"author":[{"embeddable":true,"href":"https:\/\/consbelohorizonte.esteri.it\/it\/wp-json\/wp\/v2\/users\/1"}],"replies":[{"embeddable":true,"href":"https:\/\/consbelohorizonte.esteri.it\/it\/wp-json\/wp\/v2\/comments?post=528"}],"version-history":[{"count":0,"href":"https:\/\/consbelohorizonte.esteri.it\/it\/wp-json\/wp\/v2\/posts\/528\/revisions"}],"wp:attachment":[{"href":"https:\/\/consbelohorizonte.esteri.it\/it\/wp-json\/wp\/v2\/media?parent=528"}],"wp:term":[{"taxonomy":"post_tag","embeddable":true,"href":"https:\/\/consbelohorizonte.esteri.it\/it\/wp-json\/wp\/v2\/tags?post=528"}],"curies":[{"name":"wp","href":"https:\/\/api.w.org\/{rel}","templated":true}]}}