{"id":526,"date":"2022-09-21T20:18:42","date_gmt":"2022-09-21T18:18:42","guid":{"rendered":"https:\/\/consbelohorizonte.esteri.it\/news\/dal_consolato\/2022\/09\/nuova-mostra-del-pittore-italiano\/"},"modified":"2022-09-21T20:18:42","modified_gmt":"2022-09-21T18:18:42","slug":"nuova-mostra-del-pittore-italiano","status":"publish","type":"post","link":"https:\/\/consbelohorizonte.esteri.it\/it\/news\/dal_consolato\/2022\/09\/nuova-mostra-del-pittore-italiano\/","title":{"rendered":"Nuova mostra dell\u00b4artista italiano Umberto Nigi al CCBB &#8211; Centro Culturale del Banco do Brasil &#8211; Dal 21\/09 al 14\/11\/2022"},"content":{"rendered":"<p style=\"text-align: justify;\">L&#8217;artista plastico italiano presenta a Belo Horizonte, per la prima volta, 102 opere della sua carriera &#8211; tra tele e sculture &#8211; dagli anni &#8217;80 ai giorni nostri, passando per diverse fasi del suo percorso, dal figurativo all&#8217;astratto, alle creazioni con materiali di riciclo.<\/p>\n<p style=\"text-align: justify;\">Mercoled\u00ec 21 settembre debutta al Centro Culturale del Banco do Brasil \u201c<em>Cor e forma: poesia do equilibrio<\/em>\u201d. Con oltre 100 opere inedite nel capoluogo del Minas Gerais, la mostra raccoglie un&#8217;antologia dell&#8217;italiano Umberto Nigi, con sculture su tela, dipinti della sua fase figurativa, negli anni &#8217;80, fino a passaggi attraverso gli anni &#8217;90, 2000 e 2020, in cui l&#8217;artista plastico passa alla pittura astratta e inizia a mescolare sulla tela materiali riciclati come sabbia, juta, carta, rete metallica, gesso e altri.<\/p>\n<p style=\"text-align: justify;\">La mostra \u00e8 visitabile fino al 14 novembre, dal mercoled\u00ec al luned\u00ec, dalle 10:00 alle 22:00, e l&#8217;ingresso \u00e8 gratuito. I biglietti possono essere ritirati sul sito web bb.com.br\/cultura o presso la biglietteria del CCBB BH (Pra\u00e7a da Liberdade, 450 \u2013 Funcionarios). Durante il periodo della mostra, mercoled\u00ec 28 settembre, gli amanti di Piazzolla potranno inoltre assistere allo spettacolo gratuito con il giovane fisarmonicista italiano Pietro Roffi e il quintetto di corde Fam\u00edlia Barros, a partire dalle 20, al Teatro I.<\/p>\n<p style=\"text-align: justify;\">Maggiori informazioni sulla mostra e lo spettacolo: bb.com.br\/cultura I (31) 3431-9400 I Social network CCBB: (Instagram) @ccbbbh @ItalyinBH\/ (twitter) @ccbb_bh \/ (Facebook) ccbb.bh. Questo progetto \u00e8 sostenuto dal Centro Culturale Banco do Brasil e patrocinato dal Consolato d&#8217;Italia a Belo Horizonte.<\/p>\n","protected":false},"excerpt":{"rendered":"L&#8217;artista plastico italiano presenta a Belo Horizonte, per la prima volta, 102 opere della sua carriera &#8211; tra tele e sculture &#8211; dagli anni &#8217;80 ai giorni nostri, passando per diverse fasi del suo percorso, dal figurativo all&#8217;astratto, alle creazioni con materiali di riciclo. Mercoled\u00ec 21 settembre debutta al Centro Culturale del Banco do Brasil [&hellip;]","protected":false},"author":1,"featured_media":0,"comment_status":"","ping_status":"","sticky":false,"template":"","format":"standard","meta":{"footnotes":""},"tags":[],"class_list":["post-526","post","type-post","status-publish","format-standard","hentry"],"_links":{"self":[{"href":"https:\/\/consbelohorizonte.esteri.it\/it\/wp-json\/wp\/v2\/posts\/526","targetHints":{"allow":["GET"]}}],"collection":[{"href":"https:\/\/consbelohorizonte.esteri.it\/it\/wp-json\/wp\/v2\/posts"}],"about":[{"href":"https:\/\/consbelohorizonte.esteri.it\/it\/wp-json\/wp\/v2\/types\/post"}],"author":[{"embeddable":true,"href":"https:\/\/consbelohorizonte.esteri.it\/it\/wp-json\/wp\/v2\/users\/1"}],"replies":[{"embeddable":true,"href":"https:\/\/consbelohorizonte.esteri.it\/it\/wp-json\/wp\/v2\/comments?post=526"}],"version-history":[{"count":0,"href":"https:\/\/consbelohorizonte.esteri.it\/it\/wp-json\/wp\/v2\/posts\/526\/revisions"}],"wp:attachment":[{"href":"https:\/\/consbelohorizonte.esteri.it\/it\/wp-json\/wp\/v2\/media?parent=526"}],"wp:term":[{"taxonomy":"post_tag","embeddable":true,"href":"https:\/\/consbelohorizonte.esteri.it\/it\/wp-json\/wp\/v2\/tags?post=526"}],"curies":[{"name":"wp","href":"https:\/\/api.w.org\/{rel}","templated":true}]}}