{"id":5258,"date":"2025-08-11T12:53:06","date_gmt":"2025-08-11T15:53:06","guid":{"rendered":"https:\/\/consbelohorizonte.esteri.it\/?p=5258"},"modified":"2025-08-14T10:52:46","modified_gmt":"2025-08-14T13:52:46","slug":"il-consolato-generale-ditalia-a-belo-horizonte-porta-carlo-bernardini-alla-festa-da-luz-2025","status":"publish","type":"post","link":"https:\/\/consbelohorizonte.esteri.it\/it\/news\/dal_consolato\/2025\/08\/il-consolato-generale-ditalia-a-belo-horizonte-porta-carlo-bernardini-alla-festa-da-luz-2025\/","title":{"rendered":"Il Consolato Generale d\u2019Italia a Belo Horizonte porta Carlo Bernardini alla *Festa da Luz 2025*"},"content":{"rendered":"<p>Il Consolato Generale d\u2019Italia a Belo Horizonte ha il piacere di annunciare la propria partecipazione all\u2019edizione 2025 della *Festa da Luz*, che si terr\u00e0 nella capitale del Minas Gerais dal 14 al 17 agosto. Quest\u2019anno, il Consolato sostiene ufficialmente l\u2019evento attraverso la partecipazione dell\u2019artista italiano Carlo Bernardini, riconosciuto a livello internazionale per le sue installazioni luminose che esplorano i confini tra arte, spazio e percezione.<\/p>\n<p>L\u2019opera inedita di Bernardini, intitolata *\u201cThe Invisible Suspende\u201d, sar\u00e0 presentata presso il *Museu de Artes e Of\u00edcios* e far\u00e0 parte del programma ufficiale del festival. L\u2019installazione, concepita appositamente per questo spazio, usa la *fibre ottiche* per creare una struttura di luce che sfida la gravit\u00e0 e invita il pubblico a un\u2019esperienza estetica di sospensione e immaterialit\u00e0.<\/p>\n<p>La presenza di Carlo Bernardini a Belo Horizonte conferma l\u2019impegno del Consolato nella *promozione della cultura italiana* e nel *rafforzamento dello scambio artistico* tra l\u2019Italia e il Brasile, in particolare con lo Stato del Minas Gerais. Si tratta di un\u2019opportunit\u00e0 unica per presentare al pubblico brasiliano un rappresentante dell\u2019avanguardia artistica italiana contemporanea, la cui opera dialoga direttamente con i valori di *innovazione, creativit\u00e0 e sperimentazione* che caratterizzano la scena culturale attuale.<\/p>\n<p>La *Festa da Luz 2025* presenter\u00e0 13 installazioni inedite, oltre a proiezioni, musica, performance e interventi artistici in diversi punti del centro citt\u00e0.<\/p>\n<p>\u00c8 una realizzazione di Casinha, H\u00edbrido, P\u00fablica, Governo del Minas Gerais e Governo Federale, con la sponsorizzazione esclusiva di CEMIG, attraverso la Legge Federale di Incentivo alla Cultura (Rouanet) e la Legge Statale di Incentivo alla Cultura (Descentra Cultura).<\/p>\n","protected":false},"excerpt":{"rendered":"Il Consolato Generale d\u2019Italia a Belo Horizonte ha il piacere di annunciare la propria partecipazione all\u2019edizione 2025 della *Festa da Luz*, che si terr\u00e0 nella capitale del Minas Gerais dal 14 al 17 agosto. Quest\u2019anno, il Consolato sostiene ufficialmente l\u2019evento attraverso la partecipazione dell\u2019artista italiano Carlo Bernardini, riconosciuto a livello internazionale per le sue installazioni [&hellip;]","protected":false},"author":20,"featured_media":5269,"comment_status":"closed","ping_status":"closed","sticky":false,"template":"","format":"standard","meta":{"footnotes":""},"tags":[],"class_list":["post-5258","post","type-post","status-publish","format-standard","has-post-thumbnail","hentry"],"_links":{"self":[{"href":"https:\/\/consbelohorizonte.esteri.it\/it\/wp-json\/wp\/v2\/posts\/5258","targetHints":{"allow":["GET"]}}],"collection":[{"href":"https:\/\/consbelohorizonte.esteri.it\/it\/wp-json\/wp\/v2\/posts"}],"about":[{"href":"https:\/\/consbelohorizonte.esteri.it\/it\/wp-json\/wp\/v2\/types\/post"}],"author":[{"embeddable":true,"href":"https:\/\/consbelohorizonte.esteri.it\/it\/wp-json\/wp\/v2\/users\/20"}],"replies":[{"embeddable":true,"href":"https:\/\/consbelohorizonte.esteri.it\/it\/wp-json\/wp\/v2\/comments?post=5258"}],"version-history":[{"count":3,"href":"https:\/\/consbelohorizonte.esteri.it\/it\/wp-json\/wp\/v2\/posts\/5258\/revisions"}],"predecessor-version":[{"id":5314,"href":"https:\/\/consbelohorizonte.esteri.it\/it\/wp-json\/wp\/v2\/posts\/5258\/revisions\/5314"}],"wp:featuredmedia":[{"embeddable":true,"href":"https:\/\/consbelohorizonte.esteri.it\/it\/wp-json\/wp\/v2\/media\/5269"}],"wp:attachment":[{"href":"https:\/\/consbelohorizonte.esteri.it\/it\/wp-json\/wp\/v2\/media?parent=5258"}],"wp:term":[{"taxonomy":"post_tag","embeddable":true,"href":"https:\/\/consbelohorizonte.esteri.it\/it\/wp-json\/wp\/v2\/tags?post=5258"}],"curies":[{"name":"wp","href":"https:\/\/api.w.org\/{rel}","templated":true}]}}