{"id":513,"date":"2022-11-02T15:31:38","date_gmt":"2022-11-02T14:31:38","guid":{"rendered":"https:\/\/consbelohorizonte.esteri.it\/news\/dal_consolato\/2022\/11\/seminario-virtuale-dalla-ricerca\/"},"modified":"2022-11-02T15:31:38","modified_gmt":"2022-11-02T14:31:38","slug":"seminario-virtuale-dalla-ricerca","status":"publish","type":"post","link":"https:\/\/consbelohorizonte.esteri.it\/it\/news\/dal_consolato\/2022\/11\/seminario-virtuale-dalla-ricerca\/","title":{"rendered":"Seminario virtuale \u201cDalla ricerca all\u2019imprenditoria Brasile-Italia\u201d (4 novembre ore 9.00)."},"content":{"rendered":"<p style=\"text-align: justify;\">L&#8217;Ambasciatore Francesco Azzarello, insieme a Josu\u00e9 Gomes da Silva, Presidente della Federazione delle Industrie dello Stato di San Paolo (FIESP) e Graziano Messana, Presidente Italcam, inaugureranno il 4 novembre l\u2019incontro \u201c<strong>Dalla ricerca all\u2019imprenditoria Brasile-Italia<\/strong>\u201d, alle ore 9.00.<\/p>\n<p style=\"text-align: justify;\">Organizzato dall&#8217;Ambasciata d&#8217;Italia e dal Consolato Generale di San Paolo in collaborazione con FIESP, l\u2019evento mira a stimolare l&#8217;interazione tra il mondo della ricerca e le imprese innovative dei due Paesi.<\/p>\n<p style=\"text-align: justify;\">Le discussioni prendono spunto dal Programma Esecutivo per la Cooperazione Scientifica e Tecnologica tra Brasile e Italia, firmato tra il Consiglio Nazionale delle Fondazioni di Stato per il Sostegno alla Ricerca (CONFAP) ed il Ministero degli Affari Esteri e della Cooperazione Internazionale italiano.<\/p>\n<p style=\"text-align: justify;\">Saranno presentati tre progetti in corso, tra quelli cofinanziati nell&#8217;ambito del Programma, nei settori dell&#8217;intelligenza artificiale (Universit\u00e0 di Bologna e Universit\u00e0 Federale di Santa Catarina), delle malattie trasmissibili e della produzione di vaccini (Istituto Nazionale Tumori Regina Elena di Roma e Universit\u00e0 Federale di Pernambuco) e dell\u2019agricoltura di precisione (Universit\u00e0 di Trento e Universit\u00e0 Federale del Mato Grosso do Sul). L&#8217;incontro sar\u00e0 chiuso dal Console Generale Domenico Fornara.<\/p>\n<p style=\"text-align: justify;\">4 novembre 2022<\/p>\n<p style=\"text-align: justify;\">Dalle ore 8.30 alle ore 12.00<\/p>\n<p>Evento online ISCRIVITI QUI (hyperlink: <a href=\"https:\/\/apps.fiesp.com.br\/sce2\/InscricaoEvento\/InscricaoWebinar\/Inscricao\/8516?lang=pt)\">https:\/\/apps.fiesp.com.br\/sce2\/InscricaoEvento\/InscricaoWebinar\/Inscricao\/8516?lang=pt)<\/a>.<\/p>\n<p>Per maggiori informazioni e per il programma dell&#8217;evento: <a href=\"https:\/\/www.fiesp.com.br\/agenda\/encontro-research-to-business-brazil-italy\/\">https:\/\/www.fiesp.com.br\/agenda\/encontro-research-to-business-brazil-italy\/<\/a><\/p>\n<p>Diretta YouTube: <a href=\"https:\/\/youtu.be\/GfLuL4mv2BM\">https:\/\/youtu.be\/GfLuL4mv2BM<\/a><\/p>\n","protected":false},"excerpt":{"rendered":"L&#8217;Ambasciatore Francesco Azzarello, insieme a Josu\u00e9 Gomes da Silva, Presidente della Federazione delle Industrie dello Stato di San Paolo (FIESP) e Graziano Messana, Presidente Italcam, inaugureranno il 4 novembre l\u2019incontro \u201cDalla ricerca all\u2019imprenditoria Brasile-Italia\u201d, alle ore 9.00. Organizzato dall&#8217;Ambasciata d&#8217;Italia e dal Consolato Generale di San Paolo in collaborazione con FIESP, l\u2019evento mira a stimolare [&hellip;]","protected":false},"author":1,"featured_media":0,"comment_status":"","ping_status":"","sticky":false,"template":"","format":"standard","meta":{"footnotes":""},"tags":[],"class_list":["post-513","post","type-post","status-publish","format-standard","hentry"],"_links":{"self":[{"href":"https:\/\/consbelohorizonte.esteri.it\/it\/wp-json\/wp\/v2\/posts\/513","targetHints":{"allow":["GET"]}}],"collection":[{"href":"https:\/\/consbelohorizonte.esteri.it\/it\/wp-json\/wp\/v2\/posts"}],"about":[{"href":"https:\/\/consbelohorizonte.esteri.it\/it\/wp-json\/wp\/v2\/types\/post"}],"author":[{"embeddable":true,"href":"https:\/\/consbelohorizonte.esteri.it\/it\/wp-json\/wp\/v2\/users\/1"}],"replies":[{"embeddable":true,"href":"https:\/\/consbelohorizonte.esteri.it\/it\/wp-json\/wp\/v2\/comments?post=513"}],"version-history":[{"count":0,"href":"https:\/\/consbelohorizonte.esteri.it\/it\/wp-json\/wp\/v2\/posts\/513\/revisions"}],"wp:attachment":[{"href":"https:\/\/consbelohorizonte.esteri.it\/it\/wp-json\/wp\/v2\/media?parent=513"}],"wp:term":[{"taxonomy":"post_tag","embeddable":true,"href":"https:\/\/consbelohorizonte.esteri.it\/it\/wp-json\/wp\/v2\/tags?post=513"}],"curies":[{"name":"wp","href":"https:\/\/api.w.org\/{rel}","templated":true}]}}