{"id":5036,"date":"2025-06-04T15:42:22","date_gmt":"2025-06-04T18:42:22","guid":{"rendered":"https:\/\/consbelohorizonte.esteri.it\/news\/dal_consolato\/2025\/06\/festival-de-vinho-e-jazz-tiradentes-susanna-stivali\/"},"modified":"2025-07-15T15:44:18","modified_gmt":"2025-07-15T18:44:18","slug":"festival-de-vinho-e-jazz-tiradentes-susanna-stivali","status":"publish","type":"post","link":"https:\/\/consbelohorizonte.esteri.it\/it\/news\/dal_consolato\/2025\/06\/festival-de-vinho-e-jazz-tiradentes-susanna-stivali\/","title":{"rendered":"Festival de Vinho e Jazz Tiradentes &#8211; Susanna Stivali"},"content":{"rendered":"<p>In occasione della celebrazione della Festa della Repubblica italiana, in collaborazione con il Festival Vinho e Jazz &#8211; Tiradentes, il Consolato Generale d&#8217;Italia a BH ha presentato il concerto di Susanna Stivali a S\u00e3o Jo\u00e3o Del Rei il 3 giugno presso il Conservatorio Statale di Musica Padre Maria Xavier.<\/p>\n<p>Una delle voci pi\u00f9 espressive del jazz italiano si \u00e8 esibita accanto ai musicisti brasiliani Guilherme Ribeiro, Ramon Montagner e Joseph Oliveira in un concerto che promuove il dialogo tra le culture.<\/p>\n<p>Il pubblico di S\u00e3o Jo\u00e3o Del Rei ha avuto l&#8217;opportunit\u00e0 di assistere a un incontro musicale sofisticato che trascende le frontiere. La celebrata jazzista, cantante e compositrice italiana Susanna Stivali \u00e8 tornata in Brasile per presentare il suo progetto di scambio culturale che da anni costruisce tra la musica brasiliana, il jazz e la lingua italiana.<\/p>\n<p><a href=\"https:\/\/www.instagram.com\/p\/DKhtyiGRI3T\/\">Video Instagram\u00a0<\/a><\/p>\n","protected":false},"excerpt":{"rendered":"In occasione della celebrazione della Festa della Repubblica italiana, in collaborazione con il Festival Vinho e Jazz &#8211; Tiradentes, il Consolato Generale d&#8217;Italia a BH ha presentato il concerto di Susanna Stivali a S\u00e3o Jo\u00e3o Del Rei il 3 giugno presso il Conservatorio Statale di Musica Padre Maria Xavier. Una delle voci pi\u00f9 espressive del [&hellip;]","protected":false},"author":20,"featured_media":0,"comment_status":"closed","ping_status":"closed","sticky":false,"template":"","format":"standard","meta":{"footnotes":""},"tags":[],"class_list":["post-5036","post","type-post","status-publish","format-standard","hentry"],"_links":{"self":[{"href":"https:\/\/consbelohorizonte.esteri.it\/it\/wp-json\/wp\/v2\/posts\/5036","targetHints":{"allow":["GET"]}}],"collection":[{"href":"https:\/\/consbelohorizonte.esteri.it\/it\/wp-json\/wp\/v2\/posts"}],"about":[{"href":"https:\/\/consbelohorizonte.esteri.it\/it\/wp-json\/wp\/v2\/types\/post"}],"author":[{"embeddable":true,"href":"https:\/\/consbelohorizonte.esteri.it\/it\/wp-json\/wp\/v2\/users\/20"}],"replies":[{"embeddable":true,"href":"https:\/\/consbelohorizonte.esteri.it\/it\/wp-json\/wp\/v2\/comments?post=5036"}],"version-history":[{"count":1,"href":"https:\/\/consbelohorizonte.esteri.it\/it\/wp-json\/wp\/v2\/posts\/5036\/revisions"}],"predecessor-version":[{"id":5037,"href":"https:\/\/consbelohorizonte.esteri.it\/it\/wp-json\/wp\/v2\/posts\/5036\/revisions\/5037"}],"wp:attachment":[{"href":"https:\/\/consbelohorizonte.esteri.it\/it\/wp-json\/wp\/v2\/media?parent=5036"}],"wp:term":[{"taxonomy":"post_tag","embeddable":true,"href":"https:\/\/consbelohorizonte.esteri.it\/it\/wp-json\/wp\/v2\/tags?post=5036"}],"curies":[{"name":"wp","href":"https:\/\/api.w.org\/{rel}","templated":true}]}}