{"id":5022,"date":"2025-04-08T09:42:55","date_gmt":"2025-04-08T12:42:55","guid":{"rendered":"https:\/\/consbelohorizonte.esteri.it\/?p=5022"},"modified":"2025-07-15T09:45:59","modified_gmt":"2025-07-15T12:45:59","slug":"natureza-transformada-atravessamentos-espaciais-na-casa-fiat-de-cultur","status":"publish","type":"post","link":"https:\/\/consbelohorizonte.esteri.it\/it\/news\/dal_consolato\/2025\/04\/natureza-transformada-atravessamentos-espaciais-na-casa-fiat-de-cultur\/","title":{"rendered":"Natureza Transformada: atravessamentos espaciais na Casa Fiat de Cultur"},"content":{"rendered":"<p><i><span data-contrast=\"auto\">Com curadoria de Guilherme Wisnik, Casa Fiat de Cultura re\u00fane pela primeira vez no Brasil obras dos artistas italianos Paolo Albertelli e Mariagrazia Abbaldo e da brasileira Marcia Xavier, que modificam seus espa\u00e7os e integram o ambiente externo \u00e0 galeria<\/span><\/i><span data-ccp-props=\"{&quot;134233117&quot;:true,&quot;134233118&quot;:true,&quot;201341983&quot;:0,&quot;335551550&quot;:2,&quot;335551620&quot;:2,&quot;335559740&quot;:276}\">\u00a0<\/span><\/p>\n<p><span data-ccp-props=\"{&quot;134233117&quot;:true,&quot;134233118&quot;:true,&quot;201341983&quot;:0,&quot;335551550&quot;:2,&quot;335551620&quot;:2,&quot;335559740&quot;:276}\">\u00a0<\/span><\/p>\n<p><span data-contrast=\"auto\">A natureza se insinua pelos espa\u00e7os, refaz caminhos e transforma tudo ao seu redor. \u00c9 a partir desse fluxo incessante que nasce a exposi\u00e7\u00e3o in\u00e9dita <\/span><b><span data-contrast=\"auto\">\u201cNatureza Transformada: atravessamentos espaciais na Casa Fiat de Cultura\u201d<\/span><\/b><span data-contrast=\"auto\">. Com <\/span><b><span data-contrast=\"auto\">curadoria de Guilherme Wisnik<\/span><\/b><span data-contrast=\"auto\">, a mostra re\u00fane os <\/span><b><span data-contrast=\"auto\">artistas italianos Paolo Albertelli e Mariagrazia Abbaldo<\/span><\/b><span data-contrast=\"auto\"> \u2013 que apresentam seus trabalhos pela primeira vez no Brasil \u2013 e a brasileira <\/span><b><span data-contrast=\"auto\">Marcia Xavier<\/span><\/b><span data-contrast=\"auto\"> em um percurso que <\/span><b><span data-contrast=\"auto\">convida o p\u00fablico a repensar sua rela\u00e7\u00e3o com o espa\u00e7o e os elementos do mundo natural.<\/span><\/b><span data-contrast=\"auto\"> Com a\u00e7o, vidro, estruturas met\u00e1licas e \u00e1gua, as <\/span><b><span data-contrast=\"auto\">25 obras<\/span><\/b><span data-contrast=\"auto\"> em exibi\u00e7\u00e3o criam um territ\u00f3rio onde <\/span><b><span data-contrast=\"auto\">arte, arquitetura e natureza se entrela\u00e7am<\/span><\/b><span data-contrast=\"auto\">. Numa parceria entre a Casa Fiat de Cultura e o Museu do Jardim Bot\u00e2nico, no Rio de Janeiro, a obra digital <\/span><i><span data-contrast=\"auto\">\u201cCopa, Casa Cosmos\u201d<\/span><\/i><span data-contrast=\"auto\">, de <\/span><b><span data-contrast=\"auto\">Est\u00eav\u00e3o Ciavatta<\/span><\/b><span data-contrast=\"auto\">, com narra\u00e7\u00e3o de Regina Cas\u00e9, complementa a tem\u00e1tica da exposi\u00e7\u00e3o<\/span><span data-contrast=\"none\"> e transporta o p\u00fablico para o interior de uma \u00e1rvore Suma\u00fama <\/span><span data-contrast=\"auto\">(C<\/span><i><span data-contrast=\"auto\">eiba pentandra<\/span><\/i><span data-contrast=\"auto\">). <\/span><span data-contrast=\"none\">A exposi\u00e7\u00e3o proporciona uma experi\u00eancia sensorial e interativa e fica em cartaz de <\/span><b><span data-contrast=\"auto\">8 de abril a 8 de junho de 2025<\/span><\/b><span data-contrast=\"auto\">, com <\/span><b><span data-contrast=\"auto\">entrada gratuita<\/span><\/b><span data-contrast=\"auto\">. <\/span><span data-ccp-props=\"{&quot;134233117&quot;:true,&quot;134233118&quot;:true,&quot;201341983&quot;:0,&quot;335551550&quot;:6,&quot;335551620&quot;:6,&quot;335559740&quot;:276}\">\u00a0<\/span><\/p>\n<p><span data-contrast=\"auto\">Os artistas usam linguagens e materiais distintos em suas obras, mas convergem na busca por novas formas de perceber o meio ambiente, sobretudo a respeito da <\/span><b><span data-contrast=\"auto\">fragilidade do que chamamos de \u201crecursos naturais\u201d<\/span><\/b><span data-contrast=\"auto\">. Segundo o curador da exposi\u00e7\u00e3o Guilherme Wisnik, transforma\u00e7\u00e3o e atravessamento s\u00e3o os conceitos centrais da exposi\u00e7\u00e3o. \u201cNa conjun\u00e7\u00e3o entre as produ\u00e7\u00f5es de Marcia Xavier e da dupla Mariagrazia Abbaldo e Paolo Albertelli, a fragilidade da vida humana \u00e9 confrontada com a perenidade dos min\u00e9rios e dos espelhos, por\u00e9m, paradoxalmente, numa \u00e9poca em que toda essa no\u00e7\u00e3o de perenidade vai sendo corro\u00edda por dentro. Temos, como coletivo humano, obst\u00e1culos gigantes a atravessar, no presente e no futuro. E talvez ainda n\u00e3o saibamos ao certo em quais dire\u00e7\u00f5es seguir. Mas aqui, estamos diante de artistas que nos p\u00f5em em movimento e em permanente estado de transforma\u00e7\u00e3o.\u201d<\/span><span data-ccp-props=\"{&quot;134233117&quot;:true,&quot;134233118&quot;:true,&quot;201341983&quot;:0,&quot;335551550&quot;:6,&quot;335551620&quot;:6,&quot;335559740&quot;:276}\">\u00a0<\/span><\/p>\n<p><span data-contrast=\"auto\">As 16 obras dos italianos Paolo Albertelli e Mariagrazia Abbaldo combinam a po\u00e9tica da leveza com a rigidez do a\u00e7o. O objetivo da dupla \u00e9 justamente transformar o peso da mat\u00e9ria-prima usada nos trabalhos em <\/span><b><span data-contrast=\"auto\">formas et\u00e9reas e din\u00e2micas<\/span><\/b><span data-contrast=\"auto\">. Enquanto arquitetos e artistas, eles n\u00e3o se limitaram \u00e0s paredes da galeria da Casa Fiat de Cultura, mas ultrapassaram os limites f\u00edsicos dos espa\u00e7os criando <\/span><b><span data-contrast=\"auto\">conex\u00f5es entre o interior e o exterior.<\/span><\/b><span data-ccp-props=\"{&quot;134233117&quot;:true,&quot;134233118&quot;:true,&quot;201341983&quot;:0,&quot;335551550&quot;:6,&quot;335551620&quot;:6,&quot;335559740&quot;:276}\">\u00a0<\/span><\/p>\n<p><span data-contrast=\"auto\">J\u00e1 os 8 trabalhos da brasileira Marcia Xavier, investigam a intera\u00e7\u00e3o entre superf\u00edcies l\u00edquidas e s\u00f3lidas. Espelhos d\u2019agua, vidros e espelhos distorcem imagens e criam jogos visuais que ressignificam a percep\u00e7\u00e3o do espa\u00e7o e do corpo do espectador. Sua produ\u00e7\u00e3o prop\u00f5e reflex\u00f5es sobre a <\/span><b><span data-contrast=\"auto\">efemeridade e a constante metamorfose da natureza.<\/span><\/b><span data-ccp-props=\"{&quot;134233117&quot;:true,&quot;134233118&quot;:true,&quot;201341983&quot;:0,&quot;335551550&quot;:6,&quot;335551620&quot;:6,&quot;335559740&quot;:276}\">\u00a0<\/span><\/p>\n<p><span data-contrast=\"auto\">Para o presidente da Casa Fiat de Cultura, Massimo Cavallo, a mostra \u00e9 <\/span><span data-contrast=\"none\">um convite para sentir, refletir e se deixar <\/span><span data-contrast=\"auto\">atravessar<\/span><span data-contrast=\"none\"> pela arte.\u202f<\/span><span data-contrast=\"auto\">\u201c<\/span><span data-contrast=\"none\">Ao trazer para o Brasil essa exposi\u00e7\u00e3o in\u00e9dita, reafirmamos a voca\u00e7\u00e3o da Casa Fiat de Cultura para o interc\u00e2mbio cultural entre pa\u00edses e a experimenta\u00e7\u00e3o, construindo pontes entre natureza e cria\u00e7\u00e3o humana, presente e futuro\u201d, reflete<\/span><\/p>\n<p><span data-contrast=\"none\">A exposi\u00e7\u00e3o <\/span><span data-contrast=\"auto\">\u201cNatureza Transformada: atravessamentos espaciais na Casa Fiat de Cultura\u201d<\/span> <span data-contrast=\"none\">\u00e9 uma realiza\u00e7\u00e3o da Casa Fiat de Cultura e do Minist\u00e9rio da Cultura, por meio da Lei Federal de Incentivo \u00e0 Cultura. Conta com o patroc\u00ednio da Stellantis e da Fiat, copatroc\u00ednio da Stellantis Financiamento, do Banco Stellantis, do Banco Safra e da Sada. O evento tem apoio institucional do Circuito Liberdade, al\u00e9m do apoio do Governo de Minas, do Programa Amigos da Casa e do Consulado da It\u00e1lia em Belo Horizonte.\u202f\u202f\u202f<\/span><\/p>\n","protected":false},"excerpt":{"rendered":"Com curadoria de Guilherme Wisnik, Casa Fiat de Cultura re\u00fane pela primeira vez no Brasil obras dos artistas italianos Paolo Albertelli e Mariagrazia Abbaldo e da brasileira Marcia Xavier, que modificam seus espa\u00e7os e integram o ambiente externo \u00e0 galeria\u00a0 \u00a0 A natureza se insinua pelos espa\u00e7os, refaz caminhos e transforma tudo ao seu redor. [&hellip;]","protected":false},"author":20,"featured_media":5024,"comment_status":"closed","ping_status":"closed","sticky":false,"template":"","format":"standard","meta":{"footnotes":""},"tags":[],"class_list":["post-5022","post","type-post","status-publish","format-standard","has-post-thumbnail","hentry"],"_links":{"self":[{"href":"https:\/\/consbelohorizonte.esteri.it\/it\/wp-json\/wp\/v2\/posts\/5022","targetHints":{"allow":["GET"]}}],"collection":[{"href":"https:\/\/consbelohorizonte.esteri.it\/it\/wp-json\/wp\/v2\/posts"}],"about":[{"href":"https:\/\/consbelohorizonte.esteri.it\/it\/wp-json\/wp\/v2\/types\/post"}],"author":[{"embeddable":true,"href":"https:\/\/consbelohorizonte.esteri.it\/it\/wp-json\/wp\/v2\/users\/20"}],"replies":[{"embeddable":true,"href":"https:\/\/consbelohorizonte.esteri.it\/it\/wp-json\/wp\/v2\/comments?post=5022"}],"version-history":[{"count":1,"href":"https:\/\/consbelohorizonte.esteri.it\/it\/wp-json\/wp\/v2\/posts\/5022\/revisions"}],"predecessor-version":[{"id":5025,"href":"https:\/\/consbelohorizonte.esteri.it\/it\/wp-json\/wp\/v2\/posts\/5022\/revisions\/5025"}],"wp:featuredmedia":[{"embeddable":true,"href":"https:\/\/consbelohorizonte.esteri.it\/it\/wp-json\/wp\/v2\/media\/5024"}],"wp:attachment":[{"href":"https:\/\/consbelohorizonte.esteri.it\/it\/wp-json\/wp\/v2\/media?parent=5022"}],"wp:term":[{"taxonomy":"post_tag","embeddable":true,"href":"https:\/\/consbelohorizonte.esteri.it\/it\/wp-json\/wp\/v2\/tags?post=5022"}],"curies":[{"name":"wp","href":"https:\/\/api.w.org\/{rel}","templated":true}]}}