{"id":492,"date":"2023-04-18T18:14:18","date_gmt":"2023-04-18T16:14:18","guid":{"rendered":"https:\/\/consbelohorizonte.esteri.it\/news\/dal_consolato\/2023\/04\/nota-de-falecimento\/"},"modified":"2023-04-26T12:11:04","modified_gmt":"2023-04-26T10:11:04","slug":"nota-de-falecimento","status":"publish","type":"post","link":"https:\/\/consbelohorizonte.esteri.it\/it\/news\/dal_consolato\/2023\/04\/nota-de-falecimento\/","title":{"rendered":"NOTA DE FALECIMENTO"},"content":{"rendered":"<p>Comunicamos o falecimento de <strong>Silvia Paola Maggioni<\/strong>, irm\u00e3 de Anna Claudia Maggioni. O consulado da It\u00e1lia de Belo Horizonte com toda sua equipe transmite suas mais sinceras e profundas condol\u00eancias a toda a fam\u00edlia e amigos. O Vel\u00f3rio ser\u00e1 hoje, 18\/04, das 13:00 \u00e0s 17:00 no Funeral House, Av. Afonso Pena, n\u00ba 2158 &#8211; Funcion\u00e1rios, Belo Horizonte (entre Av. Brasil e Rua Rio Grande do Norte).<\/p>\n","protected":false},"excerpt":{"rendered":"Comunicamos o falecimento de Silvia Paola Maggioni, irm\u00e3 de Anna Claudia Maggioni. O consulado da It\u00e1lia de Belo Horizonte com toda sua equipe transmite suas mais sinceras e profundas condol\u00eancias a toda a fam\u00edlia e amigos. O Vel\u00f3rio ser\u00e1 hoje, 18\/04, das 13:00 \u00e0s 17:00 no Funeral House, Av. Afonso Pena, n\u00ba 2158 &#8211; Funcion\u00e1rios, [&hellip;]","protected":false},"author":1,"featured_media":0,"comment_status":"closed","ping_status":"closed","sticky":false,"template":"","format":"standard","meta":{"footnotes":""},"tags":[],"class_list":["post-492","post","type-post","status-publish","format-standard","hentry"],"_links":{"self":[{"href":"https:\/\/consbelohorizonte.esteri.it\/it\/wp-json\/wp\/v2\/posts\/492","targetHints":{"allow":["GET"]}}],"collection":[{"href":"https:\/\/consbelohorizonte.esteri.it\/it\/wp-json\/wp\/v2\/posts"}],"about":[{"href":"https:\/\/consbelohorizonte.esteri.it\/it\/wp-json\/wp\/v2\/types\/post"}],"author":[{"embeddable":true,"href":"https:\/\/consbelohorizonte.esteri.it\/it\/wp-json\/wp\/v2\/users\/1"}],"replies":[{"embeddable":true,"href":"https:\/\/consbelohorizonte.esteri.it\/it\/wp-json\/wp\/v2\/comments?post=492"}],"version-history":[{"count":0,"href":"https:\/\/consbelohorizonte.esteri.it\/it\/wp-json\/wp\/v2\/posts\/492\/revisions"}],"wp:attachment":[{"href":"https:\/\/consbelohorizonte.esteri.it\/it\/wp-json\/wp\/v2\/media?parent=492"}],"wp:term":[{"taxonomy":"post_tag","embeddable":true,"href":"https:\/\/consbelohorizonte.esteri.it\/it\/wp-json\/wp\/v2\/tags?post=492"}],"curies":[{"name":"wp","href":"https:\/\/api.w.org\/{rel}","templated":true}]}}