{"id":4809,"date":"2025-06-25T15:45:01","date_gmt":"2025-06-25T18:45:01","guid":{"rendered":"https:\/\/consbelohorizonte.esteri.it\/?p=4809"},"modified":"2025-06-25T15:45:01","modified_gmt":"2025-06-25T18:45:01","slug":"8-%c2%bd-festa-do-cinema-italiano","status":"publish","type":"post","link":"https:\/\/consbelohorizonte.esteri.it\/it\/news\/dal_consolato\/2025\/06\/8-%c2%bd-festa-do-cinema-italiano\/","title":{"rendered":"8 \u00bd Festa do Cinema Italiano"},"content":{"rendered":"<p>Festa do Cinema Italiano retorna a Belo Horizonte com filmes premiados e cl\u00e1ssicos de Fellini<\/p>\n<p>O Consulado Geral da It\u00e1lia em Belo Horizonte tem o prazer de anunciar a chegada da 12\u00aa edi\u00e7\u00e3o do 8 \u00bd Festa do Cinema Italiano \u00e0 capital mineira. O festival acontece de 26 de junho a 2 de julho, com exibi\u00e7\u00f5es especiais no Cine Belas Artes e no Cinema do Minas T\u00eanis Clube. O festival exibe uma curadoria especial de filmes italianos contempor\u00e2neos e cl\u00e1ssicos restaurados, promovendo um panorama atual e hist\u00f3rico da cinematografia italiana.<\/p>\n<p>Reconhecido como o maior evento de cinema italiano nos pa\u00edses lus\u00f3fonos, o festival exibe uma curadoria especial de 11 filmes italianos contempor\u00e2neos e cl\u00e1ssicos restaurados, promovendo um panorama atual e hist\u00f3rico da cinematografia italiana.<\/p>\n<p>Entre os destaques da edi\u00e7\u00e3o 2025 est\u00e1 o premiado \u201cA Grande Ambi\u00e7\u00e3o\u201d, dirigido por Andrea Segre e montado por Jacopo Quadri, um dos nomes mais importantes da montagem cinematogr\u00e1fica na It\u00e1lia. Quadri foi reconhecido este ano pelo trabalho em \u201cA Grande Ambi\u00e7\u00e3o\u201d com o David di Donatello de Melhor Montagem, o pr\u00eamio mais prestigiado do cinema italiano. Com mais de 70 filmes<br \/>\nno curr\u00edculo, Quadri j\u00e1 trabalhou com grandes nomes como Bernardo Bertolucci, Mario Martone e Gianfranco Rosi.<\/p>\n<p>A programa\u00e7\u00e3o traz ainda o aclamado \u201cVermiglio\u201d, de Maura Delpero, vencedor do Grande Pr\u00eamio do J\u00fari (Le\u00e3o de Prata) no Festival de Veneza, e \u201cGloria!\u201d, estreia na dire\u00e7\u00e3o de Margherita Vicario, um vibrante hino \u00e0 liberdade feminina que conquistou tr\u00eas pr\u00eamios David di Donatello.<\/p>\n<p>Em homenagem ao centen\u00e1rio de nascimento de Marcello Mastroianni, um dos maiores \u00edcones do cinema europeu do s\u00e9culo XX \u2014 conhecido por sua parceria com Federico Fellini \u2014 o festival exibe c\u00f3pias restauradas de dois cl\u00e1ssicos absolutos: \u201cA Doce Vida\u201d e \u201c8\u00bd\u201d, ambos dirigidos por Fellini e estrelados por Mastroianni.<\/p>\n<p>A Festa do Cinema Italiano \u00e9 realizada pelo Minist\u00e9rio da Cultura da It\u00e1lia, pela Associa\u00e7\u00e3o Il Sorpasso e pela Risi Film Brasil, com organiza\u00e7\u00e3o log\u00edstica da Gal Cultural e o apoio institucional do Consulado-Geral da It\u00e1lia em Belo Horizonte, e apoio de divulga\u00e7\u00e3o da Funda\u00e7\u00e3o Torino.<\/p>\n<p>A programa\u00e7\u00e3o completa est\u00e1 dispon\u00edvel no site oficial:<br \/>\nwww.festadocinemaitaliano.com.br<\/p>\n","protected":false},"excerpt":{"rendered":"Festa do Cinema Italiano retorna a Belo Horizonte com filmes premiados e cl\u00e1ssicos de Fellini O Consulado Geral da It\u00e1lia em Belo Horizonte tem o prazer de anunciar a chegada da 12\u00aa edi\u00e7\u00e3o do 8 \u00bd Festa do Cinema Italiano \u00e0 capital mineira. O festival acontece de 26 de junho a 2 de julho, com [&hellip;]","protected":false},"author":20,"featured_media":4811,"comment_status":"closed","ping_status":"closed","sticky":false,"template":"","format":"standard","meta":{"footnotes":""},"tags":[],"class_list":["post-4809","post","type-post","status-publish","format-standard","has-post-thumbnail","hentry"],"_links":{"self":[{"href":"https:\/\/consbelohorizonte.esteri.it\/it\/wp-json\/wp\/v2\/posts\/4809","targetHints":{"allow":["GET"]}}],"collection":[{"href":"https:\/\/consbelohorizonte.esteri.it\/it\/wp-json\/wp\/v2\/posts"}],"about":[{"href":"https:\/\/consbelohorizonte.esteri.it\/it\/wp-json\/wp\/v2\/types\/post"}],"author":[{"embeddable":true,"href":"https:\/\/consbelohorizonte.esteri.it\/it\/wp-json\/wp\/v2\/users\/20"}],"replies":[{"embeddable":true,"href":"https:\/\/consbelohorizonte.esteri.it\/it\/wp-json\/wp\/v2\/comments?post=4809"}],"version-history":[{"count":1,"href":"https:\/\/consbelohorizonte.esteri.it\/it\/wp-json\/wp\/v2\/posts\/4809\/revisions"}],"predecessor-version":[{"id":4812,"href":"https:\/\/consbelohorizonte.esteri.it\/it\/wp-json\/wp\/v2\/posts\/4809\/revisions\/4812"}],"wp:featuredmedia":[{"embeddable":true,"href":"https:\/\/consbelohorizonte.esteri.it\/it\/wp-json\/wp\/v2\/media\/4811"}],"wp:attachment":[{"href":"https:\/\/consbelohorizonte.esteri.it\/it\/wp-json\/wp\/v2\/media?parent=4809"}],"wp:term":[{"taxonomy":"post_tag","embeddable":true,"href":"https:\/\/consbelohorizonte.esteri.it\/it\/wp-json\/wp\/v2\/tags?post=4809"}],"curies":[{"name":"wp","href":"https:\/\/api.w.org\/{rel}","templated":true}]}}