{"id":4296,"date":"2025-03-25T10:13:05","date_gmt":"2025-03-25T13:13:05","guid":{"rendered":"https:\/\/consbelohorizonte.esteri.it\/?p=4296"},"modified":"2025-03-25T10:46:35","modified_gmt":"2025-03-25T13:46:35","slug":"nota-de-pesar","status":"publish","type":"post","link":"https:\/\/consbelohorizonte.esteri.it\/it\/news\/dal_consolato\/2025\/03\/nota-de-pesar\/","title":{"rendered":"NOTA DI CORDOGLIO"},"content":{"rendered":"<p>NOTA DI CORDOGLIO<\/p>\n<p>\u00c8 con profondo dolore che il Consolato Generale d&#8217;Italia a Belo Horizonte riceve la notizia della scomparsa della Sig.ra Eliane Torres Lima Silveira, madre della nostra stimata collaboratrice Joana Lima Silveira.<\/p>\n<p>In questo momento di dolore e lutto, esprimiamo le nostre pi\u00f9 sincere condoglianze a Joana e a tutta la sua famiglia. La perdita di una madre \u00e8 una delle esperienze pi\u00f9 difficili che possiamo affrontare, e ci auguriamo che possano trovare conforto nei ricordi e nell\u2019amore che li ha sempre uniti.<\/p>\n<p>La Sig.ra Eliane sar\u00e0 sempre ricordata per il suo amore e la sua dedizione alla famiglia, e il suo lascito vivr\u00e0 nei cuori di coloro che hanno avuto il privilegio di conoscerla.<br \/>\nCon affetto e vicinanza,<\/p>\n<p>&nbsp;<\/p>\n<p>Nicoletta Gomiero<\/p>\n<p>Console Generale d&#8217;Italia<br \/>\nin Belo Horizonte<\/p>\n","protected":false},"excerpt":{"rendered":"NOTA DI CORDOGLIO \u00c8 con profondo dolore che il Consolato Generale d&#8217;Italia a Belo Horizonte riceve la notizia della scomparsa della Sig.ra Eliane Torres Lima Silveira, madre della nostra stimata collaboratrice Joana Lima Silveira. In questo momento di dolore e lutto, esprimiamo le nostre pi\u00f9 sincere condoglianze a Joana e a tutta la sua famiglia. [&hellip;]","protected":false},"author":20,"featured_media":0,"comment_status":"closed","ping_status":"closed","sticky":false,"template":"","format":"standard","meta":{"footnotes":""},"tags":[],"class_list":["post-4296","post","type-post","status-publish","format-standard","hentry"],"_links":{"self":[{"href":"https:\/\/consbelohorizonte.esteri.it\/it\/wp-json\/wp\/v2\/posts\/4296","targetHints":{"allow":["GET"]}}],"collection":[{"href":"https:\/\/consbelohorizonte.esteri.it\/it\/wp-json\/wp\/v2\/posts"}],"about":[{"href":"https:\/\/consbelohorizonte.esteri.it\/it\/wp-json\/wp\/v2\/types\/post"}],"author":[{"embeddable":true,"href":"https:\/\/consbelohorizonte.esteri.it\/it\/wp-json\/wp\/v2\/users\/20"}],"replies":[{"embeddable":true,"href":"https:\/\/consbelohorizonte.esteri.it\/it\/wp-json\/wp\/v2\/comments?post=4296"}],"version-history":[{"count":2,"href":"https:\/\/consbelohorizonte.esteri.it\/it\/wp-json\/wp\/v2\/posts\/4296\/revisions"}],"predecessor-version":[{"id":4307,"href":"https:\/\/consbelohorizonte.esteri.it\/it\/wp-json\/wp\/v2\/posts\/4296\/revisions\/4307"}],"wp:attachment":[{"href":"https:\/\/consbelohorizonte.esteri.it\/it\/wp-json\/wp\/v2\/media?parent=4296"}],"wp:term":[{"taxonomy":"post_tag","embeddable":true,"href":"https:\/\/consbelohorizonte.esteri.it\/it\/wp-json\/wp\/v2\/tags?post=4296"}],"curies":[{"name":"wp","href":"https:\/\/api.w.org\/{rel}","templated":true}]}}