{"id":4002,"date":"2024-11-12T13:01:59","date_gmt":"2024-11-12T16:01:59","guid":{"rendered":"https:\/\/consbelohorizonte.esteri.it\/?p=4002"},"modified":"2024-11-26T14:45:47","modified_gmt":"2024-11-26T17:45:47","slug":"fhist-conexoes-italo-brasileiras","status":"publish","type":"post","link":"https:\/\/consbelohorizonte.esteri.it\/it\/news\/dal_consolato\/2024\/11\/fhist-conexoes-italo-brasileiras\/","title":{"rendered":"FHIST &#8211; CONEX\u00d5ES \u00cdTALO BRASILEIRAS"},"content":{"rendered":"<p><a href=\"https:\/\/www.festivaldehistoria.com.br\/fhist_2024_italia\/#programacao\">PROGRAMA\u00c7\u00c3O<\/a><\/p>\n<p><a href=\"https:\/\/www.hbatools.com.br\/fhist---conexoes-italo-brasileiras__1858\">INSCRI\u00c7\u00c3O<\/a><\/p>\n<p>Festival de Hist\u00f3ria (fHist) celebra os 150 anos da imigra\u00e7\u00e3o italiana no Brasil com s\u00e9rie de atividades gratuitas no Pal\u00e1cio das Artes, em Belo Horizonte, entre os dias 28 e 30 de novembro<\/p>\n<p>Tradicionalmente realizado em Diamantina, neste ano o Festival de Hist\u00f3ria (fHist) apresenta a edi\u00e7\u00e3o especial \u201cConex\u00f5es \u00cdtalo-Brasileiras\u201d, em Belo Horizonte, cidade fundada com a presen\u00e7a massiva do trabalho italiano. O motivo \u00e9 nobre: celebrar os 150 anos da imigra\u00e7\u00e3o italiana no Brasil, especialmente as influ\u00eancias da cultura Italiana.<\/p>\n<p>Entre os dias 28 e 30 de novembro, o Pal\u00e1cio das Artes, na capital mineira, ser\u00e1 palco de uma gama de atividades liter\u00e1rias, historiogr\u00e1ficas e culturais, incluindo palestras, apresenta\u00e7\u00f5es art\u00edsticas e oficinas. Os eventos s\u00e3o gratuitos e com classifica\u00e7\u00e3o livre para todos os p\u00fablicos.<\/p>\n<p>Apresentado pelo Minist\u00e9rio da Cultura, por meio da Lei Federal de Incentivo \u00e0 Cultura, esta edi\u00e7\u00e3o do fHist \u00e9 uma realiza\u00e7\u00e3o da Strat\u00e9gia e da Nota Comunica\u00e7\u00e3o, em parceria com o Consulado Geral da It\u00e1lia Belo Horizonte e a C\u00e2mara Italiana de Com\u00e9rcio de Minas Gerais, e conta com o patroc\u00ednio da SADA.<\/p>\n<p>Neste ano, o festival investiga como a imigra\u00e7\u00e3o italiana em terras mineiras foi muito al\u00e9m do trabalho nas lavouras de caf\u00e9 e nos canteiros de obras para erguer Belo Horizonte, capital inaugurada ainda em constru\u00e7\u00e3o, em 1894, com ajuda de milhares de italianos. Em Minas, terceiro estado do pa\u00eds a receber o maior n\u00famero de italianos na virada dos s\u00e9culos XIX para o XX, a presen\u00e7a desses imigrantes imprimiu tend\u00eancias vivas na vida dos mineiros, da arquitetura \u00e0 culin\u00e1ria; das artes ao esporte.<\/p>\n<p>\u201cA valoriza\u00e7\u00e3o da mem\u00f3ria coletiva nos conecta com nossas ra\u00edzes e nos permite transmitir esses legados \u00e0s futuras gera\u00e7\u00f5es. Ao fazer isso, conseguimos manter viva a ess\u00eancia da nossa comunidade, promovendo a solidariedade e a uni\u00e3o que nos caracterizam\u201d, avalia a C\u00f4nsul Geral da It\u00e1lia em Belo Horizonte. Nesse contexto o fHist inaugura uma \u00e1rea intitulada \u201cEspa\u00e7o de Mem\u00f3rias\u201d, esp\u00e7ao imersivo onde ser\u00e3o expostos materias cedidos pelas associa\u00e7\u00f5es italianas em Minas Gerais e parceiros intitucinais e tamb\u00e9m gravados depoimentos de descendentes de italianos.<\/p>\n<p>\u201cOs italianos est\u00e3o associados ao trabalho duro que realizaram nas lavouras, nas constru\u00e7\u00f5es e com\u00e9rcios mineiros, mas tamb\u00e9m foram muito importantes nas artes pl\u00e1sticas, no cinema, na literatura, na arquitetura, no futebol, com a funda\u00e7\u00e3o do Cruzeiro por imigrantes italianos, e at\u00e9 no movimento sindical, ao apresentarem as teses do associativismo para os mineiros. O festival pretende resgatar essas influ\u00eancias abrangentes da It\u00e1lia em Minas\u201d, avalia o jornalista e curador do fHist, Am\u00e9rico Antunes.<\/p>\n<p>Debates<\/p>\n<p>As tradicionais mesas de debate do fHist v\u00e3o propor reflex\u00f5es atuais sobre algumas dessas influ\u00eancias. Para participar como ouvinte, \u00e9 necess\u00e1rio realizar inscri\u00e7\u00e3o gratuita, que estar\u00e1 dispon\u00edvel a partir do dia 14 de novembro. Um dos destaques \u00e9 a mesa \u201cRoteiros Nacionais de Imigra\u00e7\u00e3o\u201d, que vai discutir a implementa\u00e7\u00e3o de rotas tur\u00edsticas em Minas Gerais voltadas para a preserva\u00e7\u00e3o do patrim\u00f4nio e para a difus\u00e3o da cultura italiana no estado, observando processos como tombamentos hist\u00f3ricos e reconhecimento de pr\u00e1ticas culturais. O debate tem participa\u00e7\u00e3o da historiadora Vit\u00f3ria Fonseca, professora da Universidade Federal dos Vales do Jequitinhonha (UFVJM); e do ex-diretor do IPHAN, Dalmo Ribeiro Filho.<\/p>\n<p>As outras mesas v\u00e3o abordar tr\u00eas eixos fundamentais da imigra\u00e7\u00e3o: o Brasil como terra prometida para italianos atr\u00e1s de novas oportunidades, em raz\u00e3o da crise econ\u00f4mica provocada pelas guerras na Europa no s\u00e9culo XIX; a import\u00e2ncia da cultura cafeeira para a consolida\u00e7\u00e3o da popula\u00e7\u00e3o italiana no Sul de Minas e na Zona da Mata; e a constru\u00e7\u00e3o de Belo Horizonte como oportunidade para pedreiros, pintores, mestres de obra, arquitetos, engenheiros, profissionais aut\u00f4nomos e comerciantes vindos da It\u00e1lia.<\/p>\n<p>Compondo a programa\u00e7\u00e3o das mesas teremos tamb\u00e9m uma conversa especial sobre o Muvit, um acervo vivo constru\u00eddo de forma colaborativa, em um espa\u00e7o virtual, no qual pessoas e institui\u00e7\u00f5es poder\u00e3o compartilhar documentos, fotos, v\u00eddeos e testemunhos sobre hist\u00f3rias de imigrantes e de suas fam\u00edlias em Minas Gerais. A ideia \u00e9 contribuir para a preserva\u00e7\u00e3o de um importante legado hist\u00f3rico do pa\u00eds \u2014 servindo tamb\u00e9m de fonte prim\u00e1ria para pesquisas acad\u00eamicas.<\/p>\n<p>Tamb\u00e9m no campo dos resgates hist\u00f3ricos, Bernardo Sabino, filho de Fernando Sabino, promove uma palestra sobre as influ\u00eancias da It\u00e1lia na obra do pai, no ano em que marca o centen\u00e1rio de um dos maiores nomes da literatura mineira. O escritor de cl\u00e1ssicos como \u201cEncontro Marcado\u201d e \u201cO Menino no Espelho\u201d \u00e9 neto de italianos por parte de pai. Seus av\u00f3s foram imigrantes que se estabeleceram na cidade mineira de Leopoldina, em 1880, e alguns livros de Sabino citam as mem\u00f3rias de inf\u00e2ncia que remontam \u00e0 casa cheia de parentes e amigos, comidas italianas e outros h\u00e1bitos absorvidos pela cultura familiar.<\/p>\n<p>Oficinas, feiras e artes<\/p>\n<p>\u00c0 disposi\u00e7\u00e3o do p\u00fablico durante praticamente todo o evento, em paralelo \u00e0s demais atividades, acontece a Feira de Livros, instalada nos Jardins do Pal\u00e1cio das Artes, nos dias 29 e 30, das 10h \u00e0s 21h. Junto ao passeio liter\u00e1rio, tamb\u00e9m acontecem shows como o do Grupo Figurata, considerado o conjunto barroco mais antigo de Minas Gerais, com forte influ\u00eancia do barroco italiano. Al\u00e9m disso, as oficinas prometem atrair a aten\u00e7\u00e3o de jovens e adultos. Ser\u00e3o ofertadas desde aulas de gastronomia em parceria com o Senac, at\u00e9 li\u00e7\u00f5es de italiano com o grupo Due Chiacchiere, ou mesmo ensinamentos de esgrima, esporte com forte tradi\u00e7\u00e3o na It\u00e1lia, a arte do mosaico e teatro dedicado ao p\u00fablico infantil em parceria com Funda\u00e7\u00e3o Torino. As oficinas s\u00e3o gratuitas, sem necessidade de inscri\u00e7\u00e3o pr\u00e9via.<\/p>\n<p>Gastronomia<\/p>\n<p>Os sabores da It\u00e1lia tamb\u00e9m estar\u00e3o presentes no fHist, a partir de uma culin\u00e1ria reconhecida mundialmente. Entre os dias 29 e 30, das 10h \u00e0s 21h, haver\u00e1 uma s\u00e9rie de iguarias \u00e0 disposi\u00e7\u00e3o do p\u00fablico no Pal\u00e1cio das Artes, durante a Feira Gastron\u00f4mica, com a presen\u00e7a de chefs convidados mais que especial do pizzaiolo Massimo Buschibi e do Chef Simone Piranda, ilustres convidados italianos. Antes disso, entre os dias 16 e 22, ser\u00e1 realizado um Circuito Gastron\u00f4mico, reunindo algumas das principais cantinas italianas de Belo Horizonte, em um passeio cultural pela culin\u00e1ria \u00edtalo-mineira.<\/p>\n<p>\u201cAssim como os brasileiros, os italianos valorizam e enaltecem fortemente sua cultura, sua gastronomia e suas tradi\u00e7\u00f5es populares. Portanto, ao compilar essa diversidade de atividades, t\u00e3o apreciadas e caras, tanto pela It\u00e1lia quanto pelo Brasil, o fHist deste ano contribui para fortalecer os la\u00e7os entre os dois povos\u201d, avalia Valentino Rizzioli, presidente da C\u00e2mara de Com\u00e9rcio Italiana de Minas Gerais.<\/p>\n<p>A programa\u00e7\u00e3o completa do Festival de Hist\u00f3ria (fHist) \u2014 Conex\u00f5es \u00cdtalo-Brasileiras est\u00e1 dispon\u00edvel nas redes sociais do festival a partir do dia 14 de novembro.<\/p>\n<p>SERVI\u00c7O | Festival de Hist\u00f3ria (fHist) \u2014 Conex\u00f5es \u00cdtalo-Brasileiras<br \/>\nQuando. 28\/11 (quinta-feira) a 30\/11 (s\u00e1bado)<br \/>\nOnde. Pal\u00e1cio das Artes (Avenida Afonso Pena, 1.537, Centro, Belo Horizonte)<br \/>\nQuanto. A entrada e as atividades s\u00e3o gratuitas<\/p>\n","protected":false},"excerpt":{"rendered":"PROGRAMA\u00c7\u00c3O INSCRI\u00c7\u00c3O Festival de Hist\u00f3ria (fHist) celebra os 150 anos da imigra\u00e7\u00e3o italiana no Brasil com s\u00e9rie de atividades gratuitas no Pal\u00e1cio das Artes, em Belo Horizonte, entre os dias 28 e 30 de novembro Tradicionalmente realizado em Diamantina, neste ano o Festival de Hist\u00f3ria (fHist) apresenta a edi\u00e7\u00e3o especial \u201cConex\u00f5es \u00cdtalo-Brasileiras\u201d, em Belo Horizonte, [&hellip;]","protected":false},"author":20,"featured_media":4005,"comment_status":"closed","ping_status":"closed","sticky":false,"template":"","format":"standard","meta":{"footnotes":""},"tags":[],"class_list":["post-4002","post","type-post","status-publish","format-standard","has-post-thumbnail","hentry"],"_links":{"self":[{"href":"https:\/\/consbelohorizonte.esteri.it\/it\/wp-json\/wp\/v2\/posts\/4002","targetHints":{"allow":["GET"]}}],"collection":[{"href":"https:\/\/consbelohorizonte.esteri.it\/it\/wp-json\/wp\/v2\/posts"}],"about":[{"href":"https:\/\/consbelohorizonte.esteri.it\/it\/wp-json\/wp\/v2\/types\/post"}],"author":[{"embeddable":true,"href":"https:\/\/consbelohorizonte.esteri.it\/it\/wp-json\/wp\/v2\/users\/20"}],"replies":[{"embeddable":true,"href":"https:\/\/consbelohorizonte.esteri.it\/it\/wp-json\/wp\/v2\/comments?post=4002"}],"version-history":[{"count":2,"href":"https:\/\/consbelohorizonte.esteri.it\/it\/wp-json\/wp\/v2\/posts\/4002\/revisions"}],"predecessor-version":[{"id":4041,"href":"https:\/\/consbelohorizonte.esteri.it\/it\/wp-json\/wp\/v2\/posts\/4002\/revisions\/4041"}],"wp:featuredmedia":[{"embeddable":true,"href":"https:\/\/consbelohorizonte.esteri.it\/it\/wp-json\/wp\/v2\/media\/4005"}],"wp:attachment":[{"href":"https:\/\/consbelohorizonte.esteri.it\/it\/wp-json\/wp\/v2\/media?parent=4002"}],"wp:term":[{"taxonomy":"post_tag","embeddable":true,"href":"https:\/\/consbelohorizonte.esteri.it\/it\/wp-json\/wp\/v2\/tags?post=4002"}],"curies":[{"name":"wp","href":"https:\/\/api.w.org\/{rel}","templated":true}]}}