{"id":3910,"date":"2024-10-24T16:07:24","date_gmt":"2024-10-24T19:07:24","guid":{"rendered":"https:\/\/consbelohorizonte.esteri.it\/?p=3910"},"modified":"2024-10-24T16:07:24","modified_gmt":"2024-10-24T19:07:24","slug":"o-consulado-geral-da-italia-em-belo-horizonte-colabora-com-o-1-congresso-internacional-de-moda-e-economia-criativa-promovido-pela-escola-de-design-da-uemg","status":"publish","type":"post","link":"https:\/\/consbelohorizonte.esteri.it\/it\/news\/dal_consolato\/2024\/10\/o-consulado-geral-da-italia-em-belo-horizonte-colabora-com-o-1-congresso-internacional-de-moda-e-economia-criativa-promovido-pela-escola-de-design-da-uemg\/","title":{"rendered":"O Consulado Geral da It\u00e1lia em Belo Horizonte colabora com o 1\u00b0 Congresso Internacional de Moda e Economia Criativa promovido pela Escola de Design da UEMG"},"content":{"rendered":"<p><strong><em>O Consulado Geral da It\u00e1lia em Belo Horizonte colabora com o Governo de Minas Gerais, o Museu da Cadeira Brasileira (MUC), a Escola de Design da Universidade do Estado de Minas Gerais (UEMG) e a Cemig para:<\/em><\/strong><\/p>\n<p><strong>1\u00b0 Congresso Internacional de Moda e Economia Criativa<\/strong><\/p>\n<p>&nbsp;<\/p>\n<p><em>Escola de Design da UEMG promove evento com palestrantes de 4 pa\u00edses e mais de 40 atividades gratuitas, de 28 de outubro a 1\u00b0 de novembro.<\/em><\/p>\n<p><em>\u00a0<\/em><\/p>\n<p>De 28 de outubro a 1\u00b0 de novembro acontece o 1\u00b0 Congresso Internacional de Moda e Economia Criativa (CIMEC), com uma programa\u00e7\u00e3o\u00a0 gratuita de grupos de trabalho (GTs), masterclasses, apresenta\u00e7\u00e3o de cases e mais. Ser\u00e3o cinco dias de uma imers\u00e3o profunda em novas abordagens da Moda e do Design contempor\u00e2neos, trazendo \u00e0 tona pautas como sustentabilidade, autoralidade, diversidade e impacto das novas tecnologias. \u201cVamos reunir grandes especialistas para explorar e redefinir as fronteiras da Moda e do Design na Economia Criativa, conectando mentes criativas na transforma\u00e7\u00e3o de ideias em a\u00e7\u00e3o\u201d, apresenta a diretora da Escola de Design da UEMG, prof\u00aa. Helo\u00edsa Santos.<\/p>\n<p>Em colabora\u00e7\u00e3o com o Consulado Geral da It\u00e1lia em Belo Horizonte o CIMEC convida o Professor Dr. Mauro Sampellegrini,\u00a0 chefe do Departamento de Pesquisa e Inova\u00e7\u00e3o do Sistema Moda It\u00e1lia,\u00a0 Dr. Roberto Corbelli, representante da CNA Federmoda (It\u00e1lia), Mira Ascoli e Emma Orsucci, estudantes de Design de Moda do Istituto Modartech di Pontedera (It\u00e1lia) e vencedoras do 1\u00ba lugar no XXXIV Concurso Nacional Professione Moda Giovani Stilisti &#8211; RMI 2024 nas respectivas categorias (Vestu\u00e1rio e malhas; Cal\u00e7ados e acess\u00f3rios) para participa\u00e7\u00f5es especiais na programa\u00e7\u00e3o.<\/p>\n<p>A partir da ter\u00e7a, 29 de outubro, os convidados italianos iniciam suas participa\u00e7\u00f5es no Congresso. Na parte da tarde, de 13h30 \u00e0s 14h30 a programa\u00e7\u00e3o conta com uma apresenta\u00e7\u00e3o de case de mercado por Roberto Corbelli, que apresenta &#8220;A cadeia da moda na It\u00e1lia: Da mat\u00e9ria-prima ao consumidor final&#8221;; Na quarta-feira, 30 de outubro, uma masterclass \u00e0s 8h30 no formato on-line, apresentada pelo Professor Dr. Mauro Sampellegrini, com o tema &#8220;Investiga\u00e7\u00e3o e inova\u00e7\u00e3o para t\u00eaxteis no novo Contexto Sustent\u00e1vel&#8221;. \u00c0 tarde, de 13h30 \u00e0s 15h00, ainda do dia 30, acontecer\u00e1 a apresenta\u00e7\u00e3o de case de mercado com Mira Ascoli e Emma Orsucci, na ocasi\u00e3o, elas falar\u00e3o sobre &#8220;O processo criativo das estudantes de Design de Moda Mira Ascoli (Vestu\u00e1rio e malhas) e Emma Orsucci (Cal\u00e7ado e acess\u00f3rios)\u201d; Encerra a programa\u00e7\u00e3o do dia, o case &#8220;Sustentabilidade e novos modelos de neg\u00f3cios&#8221;, apresentado por Roberto Corbelli. &#8220;. No dia 31, de 13h30 \u00e0s 14h30, Roberto Corbelli apresenta o case &#8220;Sugest\u00f5es para as cole\u00e7\u00f5es Primavera\/Ver\u00e3o 2025\/2026 com alguns insights para o setor do cal\u00e7ado&#8221; como encerramento da participa\u00e7\u00e3o italiana no Congresso.<\/p>\n<p>Programa\u00e7\u00e3o completa no site do CIMEC : <a href=\"http:\/\/www.congressointernacionalmoda.com.br\">www.congressointernacionalmoda.com.br<\/a><\/p>\n<p><strong>Escola de Design da Uemg<\/strong><\/p>\n<p>Com uma hist\u00f3ria intimamente ligada ao desenvolvimento do Design no pa\u00eds, a Escola de Design da Universidade do Estado de Minas Gerais foi criada em 1955 com o nome de Escola de Artes Pl\u00e1sticas (ESAP), subordinada \u00e0 j\u00e1 existente Escola de M\u00fasica da Universidade Mineira de Arte (UMA). Em 1963, a UMA juntamente com a ESAP foi transformada em Funda\u00e7\u00e3o, passando a se denominar a princ\u00edpio Funda\u00e7\u00e3o Mineira de Arte, e em 1980, Funda\u00e7\u00e3o Mineira de Arte Aleijadinho. Em 1990, a Funda\u00e7\u00e3o foi incorporada \u00e0 rec\u00e9m-criada Universidade do Estado de Minas Gerais (UEMG), e assumiu o t\u00edtulo de Escola de Design.<\/p>\n<p>Pioneira no ensino do design, a Escola de Design da UEMG tem exercido forte influ\u00eancia no design mineiro ao explorar profundamente as rela\u00e7\u00f5es design\/sociedade, criar uma cultura de inser\u00e7\u00e3o do design al\u00e9m de oferecer produtos e servi\u00e7os que ultrapassam as fronteiras do Estado de Minas Gerais. Conhecida nacional e internacionalmente, a Escola vive hoje um momento particularmente promissor. Alicer\u00e7ada em sua bem sucedida experi\u00eancia, e tamb\u00e9m na crescente capacita\u00e7\u00e3o do seu corpo docente, a escola vem desenvolvendo um ensino de design que, dinamicamente, dialoga com as permanentes movimenta\u00e7\u00f5es e exig\u00eancias do mundo contempor\u00e2neo.<\/p>\n<p>&nbsp;<\/p>\n<p>O 1\u00b0 Congresso Internacional de Moda e Economia Criativa da Escola de Design da Universidade do Estado de Minas Gerais integra o plano executivo da Moda do Governo de Minas Gerais, PASSARELA LIBERDADE, conta com o patroc\u00ednio master da Cemig, por meio da Lei Estadual de Incentivo \u00e0 Cultura de Minas Gerais, apoio do Circuito Liberdade e Funda\u00e7\u00e3o Cl\u00f3vis Salgado e realiza\u00e7\u00e3o do Museu da Cadeira Brasileira &#8211; MUC, Escola de Design da UEMG e Governo de Minas Gerais. Mais informa\u00e7\u00f5es sobre o CIMEC est\u00e3o dispon\u00edveis no site oficial <a href=\"http:\/\/www.congressointernacionalmoda.com.br\">www.congressointernacionalmoda.com.br<\/a>.<\/p>\n<p><strong>\u00a0<\/strong><\/p>\n<p><strong>SERVI\u00c7O:<\/strong><\/p>\n<p><strong>1\u00b0 Congresso Internacional de Moda e Economia Criativa &#8211; Cimec ED. Uemg<\/strong><\/p>\n<p>Data Congresso: 28\/10 a 01\/11<\/p>\n<p>Escola de Design Uemg &#8211; Campus Pra\u00e7a da Liberdade<\/p>\n<p>Mais informa\u00e7\u00f5es e progrma\u00e7\u00e3o completa: <a href=\"http:\/\/www.congressointernacionalmoda.com.br\">www.congressointernacionalmoda.com.br<\/a><\/p>\n<p>Retirada de ingressos gratuitos pelo Sympla: <a href=\"https:\/\/encurtador.com.br\/bS2q8\">https:\/\/encurtador.com.br\/bS2q8<\/a><\/p>\n<p>Instagram: @cimec_ed_uemg<\/p>\n<p><strong>\u00a0<\/strong><\/p>\n","protected":false},"excerpt":{"rendered":"O Consulado Geral da It\u00e1lia em Belo Horizonte colabora com o Governo de Minas Gerais, o Museu da Cadeira Brasileira (MUC), a Escola de Design da Universidade do Estado de Minas Gerais (UEMG) e a Cemig para: 1\u00b0 Congresso Internacional de Moda e Economia Criativa &nbsp; Escola de Design da UEMG promove evento com palestrantes [&hellip;]","protected":false},"author":20,"featured_media":3913,"comment_status":"closed","ping_status":"closed","sticky":false,"template":"","format":"standard","meta":{"footnotes":""},"tags":[],"class_list":["post-3910","post","type-post","status-publish","format-standard","has-post-thumbnail","hentry"],"_links":{"self":[{"href":"https:\/\/consbelohorizonte.esteri.it\/it\/wp-json\/wp\/v2\/posts\/3910","targetHints":{"allow":["GET"]}}],"collection":[{"href":"https:\/\/consbelohorizonte.esteri.it\/it\/wp-json\/wp\/v2\/posts"}],"about":[{"href":"https:\/\/consbelohorizonte.esteri.it\/it\/wp-json\/wp\/v2\/types\/post"}],"author":[{"embeddable":true,"href":"https:\/\/consbelohorizonte.esteri.it\/it\/wp-json\/wp\/v2\/users\/20"}],"replies":[{"embeddable":true,"href":"https:\/\/consbelohorizonte.esteri.it\/it\/wp-json\/wp\/v2\/comments?post=3910"}],"version-history":[{"count":1,"href":"https:\/\/consbelohorizonte.esteri.it\/it\/wp-json\/wp\/v2\/posts\/3910\/revisions"}],"predecessor-version":[{"id":3915,"href":"https:\/\/consbelohorizonte.esteri.it\/it\/wp-json\/wp\/v2\/posts\/3910\/revisions\/3915"}],"wp:featuredmedia":[{"embeddable":true,"href":"https:\/\/consbelohorizonte.esteri.it\/it\/wp-json\/wp\/v2\/media\/3913"}],"wp:attachment":[{"href":"https:\/\/consbelohorizonte.esteri.it\/it\/wp-json\/wp\/v2\/media?parent=3910"}],"wp:term":[{"taxonomy":"post_tag","embeddable":true,"href":"https:\/\/consbelohorizonte.esteri.it\/it\/wp-json\/wp\/v2\/tags?post=3910"}],"curies":[{"name":"wp","href":"https:\/\/api.w.org\/{rel}","templated":true}]}}