{"id":3884,"date":"2024-10-21T11:30:39","date_gmt":"2024-10-21T14:30:39","guid":{"rendered":"https:\/\/consbelohorizonte.esteri.it\/?p=3884"},"modified":"2024-11-04T09:15:31","modified_gmt":"2024-11-04T12:15:31","slug":"lettura-scenica-e-musicata-900-la-leggenda-del-pianista-sulloceano","status":"publish","type":"post","link":"https:\/\/consbelohorizonte.esteri.it\/it\/news\/dal_consolato\/2024\/10\/lettura-scenica-e-musicata-900-la-leggenda-del-pianista-sulloceano\/","title":{"rendered":"Lettura scenica e musicata: 900 \u2013 La leggenda del pianista sull\u2019oceano"},"content":{"rendered":"<p>In occasione dei festeggiamenti per la XXIV Settimana della Lingua Italiana nel Mondo, luned\u00ec 14 ottobre l&#8217;Agenzia Consolare Onoraria di S\u00e3o Jo\u00e3o del-Rei ha organizzato una lettura scenica e musicata di \u201c900 \u2013 La leggenda del pianista sull\u2019oceano\u201d di Alessandro Baricco presso Centro Cultural dell&#8217;Universit\u00e0 Federale di S\u00e3o Jo\u00e3o del-Rei.<\/p>\n<p>I brani sono stati letti sia in italiano che in portoghese, intercalati da esibizioni al pianoforte che hanno reso l&#8217;atmosfera ancora pi\u00f9 coinvolgente. L&#8217;evento ha anche toccato il tema dei 150 anni dall&#8217;immigrazione italiana in Brasile, perfettamente in linea con la storia ambientata su un transatlantico. Tra i lettori c&#8217;erano Priscila La Gatta, italo-discendente laureata in pianoforte e musica presso la UFSJ, e Guido Boletti, artista visivo italiano con esperienze in musica e teatro. A dare vita alle note al pianoforte c&#8217;era Luisa Mitre, musicista e compositrice di Belo Horizonte.<\/p>\n<p>I \u2018iniziativa ha avuto la collaborazione del Consolato Generale d\u2019Italia a Belo Horizonte, del \u201c Teatro da Pedra de S\u00e3o Jo\u00e3o del Rei\u201d e del dipartimento di musica della UFSJ.<\/p>\n","protected":false},"excerpt":{"rendered":"In occasione dei festeggiamenti per la XXIV Settimana della Lingua Italiana nel Mondo, luned\u00ec 14 ottobre l&#8217;Agenzia Consolare Onoraria di S\u00e3o Jo\u00e3o del-Rei ha organizzato una lettura scenica e musicata di \u201c900 \u2013 La leggenda del pianista sull\u2019oceano\u201d di Alessandro Baricco presso Centro Cultural dell&#8217;Universit\u00e0 Federale di S\u00e3o Jo\u00e3o del-Rei. I brani sono stati letti [&hellip;]","protected":false},"author":20,"featured_media":3887,"comment_status":"closed","ping_status":"closed","sticky":false,"template":"","format":"standard","meta":{"footnotes":""},"tags":[],"class_list":["post-3884","post","type-post","status-publish","format-standard","has-post-thumbnail","hentry"],"_links":{"self":[{"href":"https:\/\/consbelohorizonte.esteri.it\/it\/wp-json\/wp\/v2\/posts\/3884","targetHints":{"allow":["GET"]}}],"collection":[{"href":"https:\/\/consbelohorizonte.esteri.it\/it\/wp-json\/wp\/v2\/posts"}],"about":[{"href":"https:\/\/consbelohorizonte.esteri.it\/it\/wp-json\/wp\/v2\/types\/post"}],"author":[{"embeddable":true,"href":"https:\/\/consbelohorizonte.esteri.it\/it\/wp-json\/wp\/v2\/users\/20"}],"replies":[{"embeddable":true,"href":"https:\/\/consbelohorizonte.esteri.it\/it\/wp-json\/wp\/v2\/comments?post=3884"}],"version-history":[{"count":2,"href":"https:\/\/consbelohorizonte.esteri.it\/it\/wp-json\/wp\/v2\/posts\/3884\/revisions"}],"predecessor-version":[{"id":3929,"href":"https:\/\/consbelohorizonte.esteri.it\/it\/wp-json\/wp\/v2\/posts\/3884\/revisions\/3929"}],"wp:featuredmedia":[{"embeddable":true,"href":"https:\/\/consbelohorizonte.esteri.it\/it\/wp-json\/wp\/v2\/media\/3887"}],"wp:attachment":[{"href":"https:\/\/consbelohorizonte.esteri.it\/it\/wp-json\/wp\/v2\/media?parent=3884"}],"wp:term":[{"taxonomy":"post_tag","embeddable":true,"href":"https:\/\/consbelohorizonte.esteri.it\/it\/wp-json\/wp\/v2\/tags?post=3884"}],"curies":[{"name":"wp","href":"https:\/\/api.w.org\/{rel}","templated":true}]}}