{"id":3731,"date":"2024-06-27T11:58:27","date_gmt":"2024-06-27T14:58:27","guid":{"rendered":"https:\/\/consbelohorizonte.esteri.it\/news\/dal_consolato\/2024\/06\/abertura-do-8%c2%bd-festa-do-cinema-italiano-2\/"},"modified":"2024-08-13T11:59:47","modified_gmt":"2024-08-13T14:59:47","slug":"abertura-do-8%c2%bd-festa-do-cinema-italiano-2","status":"publish","type":"post","link":"https:\/\/consbelohorizonte.esteri.it\/it\/news\/dal_consolato\/2024\/06\/abertura-do-8%c2%bd-festa-do-cinema-italiano-2\/","title":{"rendered":"Abertura do 8\u00bd Festa do Cinema Italiano"},"content":{"rendered":"<p>A 11\u00aa edi\u00e7\u00e3o do prestigiado <em>8\u00bd Festa do Cinema Italiano<\/em>, teve sua abertura ontem \u00e0 noite no Cine Una Belas Artes. Na ocasi\u00e3o, foi exibido o filme da diretora e atriz italiana Paola Cortellesi, \u201cAinda Temos o Amanh\u00e3\u201d, campe\u00e3o de bilheteria na It\u00e1lia em 2023.<\/p>\n<p class=\"_ap3a _aaco _aacu _aacx _aad7 _aade\" dir=\"auto\">Na noite de ontem, 26 de junho, o Consulado Geral da It\u00e1lia em Belo Horizonte, promoveu o coquetel de abertura do Festival na capital mineira que foi seguido pela proje\u00e7\u00e3o do filme &#8220;Ainda temos o Amanh\u00e3&#8221;, sucesso de Paola Cortellesi, muito aplaudido pelo p\u00fablico presente.<\/p>\n<p>Os dez filmes do festival, incluindo alguns em estreia, ser\u00e3o exibidos de 27 de junho a 3 de julho de 2024 em cerca de 20 cidades em todo o Brasil. Em Belo Horizonte, o festival ser\u00e1 realizado no Cinema Una Belas Artes.<\/p>\n<p>O 8 \u00bd Festa do Cinema Italiano \u00e9 uma realiza\u00e7\u00e3o do Minist\u00e9rio da Cultura, da Associa\u00e7\u00e3o Il Sorpasso e da Risi Film Brasil, com o apoio da Embaixada da It\u00e1lia e da rede diplom\u00e1tico-consular italiana no Brasil, dos Institutos Italianos de Cultura do Rio de Janeiro e de S\u00e3o Paulo e da Cinecitt\u00e0. A organiza\u00e7\u00e3o log\u00edstica \u00e9 da Bonfilm.<\/p>\n<p>Mais informa\u00e7\u00f5es sobre a programa\u00e7\u00e3o est\u00e3o dispon\u00edveis em <a href=\"https:\/\/festadocinemaitaliano.com.br\/\">https:\/\/festadocinemaitaliano.com.br\/<\/a>.<\/p>\n<p>Fotos do Evento: <a href=\"https:\/\/imagens.nereujr.com\/8-12-Festa-do-Cinema-Italiano-BH\">https:\/\/imagens.nereujr.com\/8-12-Festa-do-Cinema-Italiano-BH<\/a><\/p>\n","protected":false},"excerpt":{"rendered":"A 11\u00aa edi\u00e7\u00e3o do prestigiado 8\u00bd Festa do Cinema Italiano, teve sua abertura ontem \u00e0 noite no Cine Una Belas Artes. Na ocasi\u00e3o, foi exibido o filme da diretora e atriz italiana Paola Cortellesi, \u201cAinda Temos o Amanh\u00e3\u201d, campe\u00e3o de bilheteria na It\u00e1lia em 2023. Na noite de ontem, 26 de junho, o Consulado Geral [&hellip;]","protected":false},"author":20,"featured_media":3721,"comment_status":"closed","ping_status":"closed","sticky":false,"template":"","format":"standard","meta":{"footnotes":""},"tags":[],"class_list":["post-3731","post","type-post","status-publish","format-standard","has-post-thumbnail","hentry"],"_links":{"self":[{"href":"https:\/\/consbelohorizonte.esteri.it\/it\/wp-json\/wp\/v2\/posts\/3731","targetHints":{"allow":["GET"]}}],"collection":[{"href":"https:\/\/consbelohorizonte.esteri.it\/it\/wp-json\/wp\/v2\/posts"}],"about":[{"href":"https:\/\/consbelohorizonte.esteri.it\/it\/wp-json\/wp\/v2\/types\/post"}],"author":[{"embeddable":true,"href":"https:\/\/consbelohorizonte.esteri.it\/it\/wp-json\/wp\/v2\/users\/20"}],"replies":[{"embeddable":true,"href":"https:\/\/consbelohorizonte.esteri.it\/it\/wp-json\/wp\/v2\/comments?post=3731"}],"version-history":[{"count":1,"href":"https:\/\/consbelohorizonte.esteri.it\/it\/wp-json\/wp\/v2\/posts\/3731\/revisions"}],"predecessor-version":[{"id":3732,"href":"https:\/\/consbelohorizonte.esteri.it\/it\/wp-json\/wp\/v2\/posts\/3731\/revisions\/3732"}],"wp:featuredmedia":[{"embeddable":true,"href":"https:\/\/consbelohorizonte.esteri.it\/it\/wp-json\/wp\/v2\/media\/3721"}],"wp:attachment":[{"href":"https:\/\/consbelohorizonte.esteri.it\/it\/wp-json\/wp\/v2\/media?parent=3731"}],"wp:term":[{"taxonomy":"post_tag","embeddable":true,"href":"https:\/\/consbelohorizonte.esteri.it\/it\/wp-json\/wp\/v2\/tags?post=3731"}],"curies":[{"name":"wp","href":"https:\/\/api.w.org\/{rel}","templated":true}]}}