{"id":3528,"date":"2024-07-09T11:51:40","date_gmt":"2024-07-09T14:51:40","guid":{"rendered":"https:\/\/consbelohorizonte.esteri.it\/?p=3528"},"modified":"2024-07-10T11:59:58","modified_gmt":"2024-07-10T14:59:58","slug":"pimpa-viagia-in-italia","status":"publish","type":"post","link":"https:\/\/consbelohorizonte.esteri.it\/it\/news\/dal_consolato\/2024\/07\/pimpa-viagia-in-italia\/","title":{"rendered":"PIMPA VIAGGIA IN ITALIA"},"content":{"rendered":"<p><strong>PIMPA, PERSONAGEM INFANTIL ITALIANA, CHEGA AO BRASIL\u00a0 <\/strong><br \/>\n<strong>NUMA EXPOSI\u00c7\u00c3O INTERATIVA NA CASA FIAT DE CULTURA <\/strong><\/p>\n<p><em>A mostra cria um ambiente l\u00fadico que envolve o p\u00fablico em uma \u201cviagem\u201d pela It\u00e1lia<\/em><\/p>\n<p>&nbsp;<\/p>\n<p>A partir de<strong> 9 de julho<\/strong>, <strong>Pimpa, uma cachorrinha italiana com bolinhas vermelhas, orelhas compridas e l\u00edngua de fora, chega ao Brasil<\/strong>. A encantadora personagem do imagin\u00e1rio infantil italiano \u00e9 protagonista de v\u00e1rias aventuras \u2013 entre quadrinhos, livros e s\u00e9rie de desenhos animados \u2013 e agora \u00e9 apresentada, pela primeira vez, em formato in\u00e9dito na <strong>exposi\u00e7\u00e3o \u201cPimpa na Casa Fiat de Cultura\u201d<\/strong>.\u00a0 De forma leve e envolvente, ela sai do livro e se transforma em uma mostra sensorial e imersiva. Em um percurso l\u00fadico, o p\u00fablico poder\u00e1 interagir com diferentes ambientes para completar desafios e jogos. <strong>A exposi\u00e7\u00e3o ficar\u00e1 em cartaz na Casa Fiat de Cultura at\u00e9 18 agosto de 2024. <\/strong>Este projeto \u00e9 uma parceria da Casa Fiat de Cultura com o Consulado Geral da It\u00e1lia em Belo Horizonte. <strong>Toda programa\u00e7\u00e3o da Casa Fiat de Cultura \u00e9 gratuita. <\/strong><\/p>\n<p><strong>\u00a0<\/strong><\/p>\n<p>Nascida em 1975, fruto da imagina\u00e7\u00e3o e t\u00e9cnica do renomado cartunista italiano Francesco Tullio-Altan, Pimpa \u00e9 s\u00edmbolo da descoberta, da imagina\u00e7\u00e3o e da liberdade. Na mostra, ela evoca mem\u00f3rias afetivas e compartilha curiosidades sobre a arte, a cultura e os valores de seu pa\u00eds de origem. O presidente da Casa Fiat de Cultura, Massimo Cavallo, relembra que, como uma casa \u00edtalo-brasileira, agora a institui\u00e7\u00e3o apresenta ao p\u00fablico este \u00edcone italiano dos quadrinhos. \u201cA cultura italiana, t\u00e3o pr\u00f3xima dos brasileiros, apresenta a natureza, a gastronomia, o design e o talento de seu povo como base para criar um modo de viver e pensar o <em>made in Italy <\/em>que nos desafia a encontrar essa mesma ess\u00eancia em tudo que fazemos.\u201d<\/p>\n<p>&nbsp;<\/p>\n<p>Durante a exposi\u00e7\u00e3o, o p\u00fablico poder\u00e1 interagir com diferentes ambientes. O percurso expositivo convida o visitante a aprender sobre pratos t\u00edpicos italianos e sobre a agricultura, viajar pelo espa\u00e7o, procurar personagens fant\u00e1sticos, encontrar pessoas famosas e conhecer a excel\u00eancia italiana. A exposi\u00e7\u00e3o \u00e9 composta por desenhos e textos, utilizando do recurso de quiz para estimular a observa\u00e7\u00e3o e o aprendizado. Elementos reais como barco, varas de pescar, m\u00e1scaras de carnaval entre outros estimulam a intera\u00e7\u00e3o de crian\u00e7as e adultos com a hist\u00f3ria.\u00a0 A mostra ainda conta com uma sala de v\u00eddeos \u2013 onde ser\u00e1 poss\u00edvel assistir aos desenhos animados de Pimpa e um espa\u00e7o para os visitantes criarem seus pr\u00f3prios desenhos. Duas capivaras de pel\u00facia d\u00e3o as boas-vindas aos visitantes, numa refer\u00eancia a esses animais que vivem em lagoas na regi\u00e3o de Belo Horizonte, convidando crian\u00e7as e adultos a pensarem sobre os la\u00e7os que ligam a It\u00e1lia \u00e0 cultura brasileira.<\/p>\n<p>&nbsp;<\/p>\n<p>Para a C\u00f4nsul Geral da It\u00e1lia em Belo Horizonte, Nicoletta Gomiero, o sucesso de Pimpa com o p\u00fablico infantil, na It\u00e1lia, \u00e9 compar\u00e1vel a Turma da M\u00f4nica, no Brasil. \u201cO bom \u00eaxito de Pimpa no mercado italiano deu-se devido a tantos fatores, como a condu\u00e7\u00e3o do cartunista Altan, que soube criar um personagem rodeado de seus amigos, dando voz \u00e0s necessidades e sonhos das crian\u00e7as, ao mesmo tempo que faz refletir nos adultos a beleza da inoc\u00eancia infantil.\u201d<\/p>\n<p>&nbsp;<\/p>\n<p>A exposi\u00e7\u00e3o \u201cPimpa na Casa Fiat de Cultura\u201d \u00e9 uma realiza\u00e7\u00e3o da Casa Fiat de Cultura, do Ministero degli Affari Esteri e della Cooperazione Internazional, do Consulado Geral da It\u00e1lia em Belo Horizonte e do Minist\u00e9rio da Cultura, por meio da Lei Federal de Incentivo \u00e0 Cultura. Conta com o patroc\u00ednio da Fiat, copatroc\u00ednio da Stellantis Financiamento, do Banco Stellantis, do Banco Safra, da Usiminas e da Sada. O evento tem apoio institucional do Circuito Liberdade, al\u00e9m do apoio do Governo de Minas e do Programa Amigos da Casa.<\/p>\n<p>&nbsp;<\/p>\n<p><strong>Francesco Tullio-Altan<\/strong><\/p>\n<p>Francesco Tullio-Altan \u00e9 um conhecido desenhista, cartunista e autor sat\u00edrico italiano. A personagem Pimpa foi criada por Altan, enquanto desenhava para sua filha se divertir. Ele nasceu em 1942, em Treviso, no norte da It\u00e1lia, cen\u00e1rio que tamb\u00e9m escolheu para as aventuras de Pimpa. Antes de embarcar nos desenhos animados, estudou arquitetura, trabalhou na televis\u00e3o e no cinema e, finalmente, encontrou seu nicho nas hist\u00f3rias em quadrinhos.<\/p>\n","protected":false},"excerpt":{"rendered":"PIMPA, PERSONAGEM INFANTIL ITALIANA, CHEGA AO BRASIL\u00a0 NUMA EXPOSI\u00c7\u00c3O INTERATIVA NA CASA FIAT DE CULTURA A mostra cria um ambiente l\u00fadico que envolve o p\u00fablico em uma \u201cviagem\u201d pela It\u00e1lia &nbsp; A partir de 9 de julho, Pimpa, uma cachorrinha italiana com bolinhas vermelhas, orelhas compridas e l\u00edngua de fora, chega ao Brasil. A encantadora [&hellip;]","protected":false},"author":20,"featured_media":3536,"comment_status":"closed","ping_status":"closed","sticky":false,"template":"","format":"standard","meta":{"footnotes":""},"tags":[],"class_list":["post-3528","post","type-post","status-publish","format-standard","has-post-thumbnail","hentry"],"_links":{"self":[{"href":"https:\/\/consbelohorizonte.esteri.it\/it\/wp-json\/wp\/v2\/posts\/3528","targetHints":{"allow":["GET"]}}],"collection":[{"href":"https:\/\/consbelohorizonte.esteri.it\/it\/wp-json\/wp\/v2\/posts"}],"about":[{"href":"https:\/\/consbelohorizonte.esteri.it\/it\/wp-json\/wp\/v2\/types\/post"}],"author":[{"embeddable":true,"href":"https:\/\/consbelohorizonte.esteri.it\/it\/wp-json\/wp\/v2\/users\/20"}],"replies":[{"embeddable":true,"href":"https:\/\/consbelohorizonte.esteri.it\/it\/wp-json\/wp\/v2\/comments?post=3528"}],"version-history":[{"count":3,"href":"https:\/\/consbelohorizonte.esteri.it\/it\/wp-json\/wp\/v2\/posts\/3528\/revisions"}],"predecessor-version":[{"id":3539,"href":"https:\/\/consbelohorizonte.esteri.it\/it\/wp-json\/wp\/v2\/posts\/3528\/revisions\/3539"}],"wp:featuredmedia":[{"embeddable":true,"href":"https:\/\/consbelohorizonte.esteri.it\/it\/wp-json\/wp\/v2\/media\/3536"}],"wp:attachment":[{"href":"https:\/\/consbelohorizonte.esteri.it\/it\/wp-json\/wp\/v2\/media?parent=3528"}],"wp:term":[{"taxonomy":"post_tag","embeddable":true,"href":"https:\/\/consbelohorizonte.esteri.it\/it\/wp-json\/wp\/v2\/tags?post=3528"}],"curies":[{"name":"wp","href":"https:\/\/api.w.org\/{rel}","templated":true}]}}