{"id":3516,"date":"2024-04-04T15:48:10","date_gmt":"2024-04-04T18:48:10","guid":{"rendered":"https:\/\/consbelohorizonte.esteri.it\/news\/dal_consolato\/2024\/04\/10-festival-de-violoncelos-de-ouro-branco-festival-das-nacoes\/"},"modified":"2024-04-04T15:48:10","modified_gmt":"2024-04-04T18:48:10","slug":"10-festival-de-violoncelos-de-ouro-branco-festival-das-nacoes","status":"publish","type":"post","link":"https:\/\/consbelohorizonte.esteri.it\/it\/news\/dal_consolato\/2024\/04\/10-festival-de-violoncelos-de-ouro-branco-festival-das-nacoes\/","title":{"rendered":"10\u00b0 Festival de Violoncelos de Ouro Branco &#8211; Festival das Na\u00e7\u00f5es"},"content":{"rendered":"<p>Nos dias 23 a 30 de mar\u00e7o deste ano a Casa de M\u00fasica de Ouro Branco comemorou os 10 anos do seu Festival de Violoncelos, com uma programa\u00e7\u00e3o cheia de oficinas, masterclasses, palestra e concertos em Ouro Branco, Ouro Preto e Belo Horizonte.<\/p>\n<p>O evento reuniu em Minas Gerais m\u00fasicos eruditos de 6 nacionalidades diferentes e, por isso, recebeu o nome de \u201cFestival das Na\u00e7\u00f5es \u201c, celebrando a universalidade e import\u00e2ncia do instrumento.<\/p>\n<p>O evento contou com um p\u00fablico de aproximadamente 1400 pessoas, lotando todos os 8 concertos e foi de grande import\u00e2ncia educacional, com 40 alunos participantes que fizeram uma imers\u00e3o em todas as atividades disponibilizadas.<\/p>\n<p>O Consulado da It\u00e1lia em Belo Horizonte colaborou com o Festival apoiando a participa\u00e7\u00e3o da violoncelista italiana Victoria Saldarini.<\/p>\n<p>Victoria formou-se em Mil\u00e3o no Conservat\u00f3rio \u201cG. Verdi\u201d sob orienta\u00e7\u00e3o da Prof. Marianna Sinagra, obtendo seu bacharelado em m\u00fasica gradua\u00e7\u00e3o com notas altas. Ela cursa seu segundo ano de mestrado em Musik und Kreativit\u00e4t na Musikhochschule M\u00fcnster na classe do Prof. Matias de Oliveira Pinto.<\/p>\n<p>Integrante da Orquestra Juvenil Italiana desde 2019 na Scuola di Musica di Fiesole, ela teve a oportunidade de trabalhar com m\u00fasicos mundialmente conhecidos como Kolja Blacher, Simone Bernardini, Daniele Rustioni e Zubin Mehta. Colabora regularmente com a Orquestra Antonio Vivaldi em Sondrio\/Morbegno, sob a batuta apaixonada de Lorenzo Passerini.<\/p>\n<p>&nbsp;<\/p>\n<p><em>O Festival de Violoncelos teve patroc\u00ednio da Lei de Incentivo \u00e0 Cultura- Lei Rouanet, Lei Estadual de Incentivo \u00e0 Cultura, Gerdau, CORI-MG, 1\u00ba Of\u00edcio de Registro de Im\u00f3veis de Belo Horizonte, White Martins, Milplan Engenharia. Apoio: Conselho Municipal de Pol\u00edtica Cultural, Prefeitura Municipal de Ouro Branco, MMGerdau- Museu das Minas e do Metal, Hotel Verdes Mares, Consulado Geral da Rep\u00fablica Federal da Alemanha- Rio de Janeiro, Embaixada da Espanha no Brasil e Consulado da It\u00e1lia de Belo Horizonte, Centro de Refer\u00eancia do Queijo Artesanal, IFMG-Ouro Branco Abracello, Bam, Teatro Municipal &#8211; Casa da \u00d3pera de Ouro Preto e Hotel Verdes Mares\u201d<\/em><\/p>\n<p>&nbsp;<\/p>\n","protected":false},"excerpt":{"rendered":"Nos dias 23 a 30 de mar\u00e7o deste ano a Casa de M\u00fasica de Ouro Branco comemorou os 10 anos do seu Festival de Violoncelos, com uma programa\u00e7\u00e3o cheia de oficinas, masterclasses, palestra e concertos em Ouro Branco, Ouro Preto e Belo Horizonte. O evento reuniu em Minas Gerais m\u00fasicos eruditos de 6 nacionalidades diferentes [&hellip;]","protected":false},"author":20,"featured_media":0,"comment_status":"closed","ping_status":"closed","sticky":false,"template":"","format":"standard","meta":{"footnotes":""},"tags":[],"class_list":["post-3516","post","type-post","status-publish","format-standard","hentry"],"_links":{"self":[{"href":"https:\/\/consbelohorizonte.esteri.it\/it\/wp-json\/wp\/v2\/posts\/3516","targetHints":{"allow":["GET"]}}],"collection":[{"href":"https:\/\/consbelohorizonte.esteri.it\/it\/wp-json\/wp\/v2\/posts"}],"about":[{"href":"https:\/\/consbelohorizonte.esteri.it\/it\/wp-json\/wp\/v2\/types\/post"}],"author":[{"embeddable":true,"href":"https:\/\/consbelohorizonte.esteri.it\/it\/wp-json\/wp\/v2\/users\/20"}],"replies":[{"embeddable":true,"href":"https:\/\/consbelohorizonte.esteri.it\/it\/wp-json\/wp\/v2\/comments?post=3516"}],"version-history":[{"count":0,"href":"https:\/\/consbelohorizonte.esteri.it\/it\/wp-json\/wp\/v2\/posts\/3516\/revisions"}],"wp:attachment":[{"href":"https:\/\/consbelohorizonte.esteri.it\/it\/wp-json\/wp\/v2\/media?parent=3516"}],"wp:term":[{"taxonomy":"post_tag","embeddable":true,"href":"https:\/\/consbelohorizonte.esteri.it\/it\/wp-json\/wp\/v2\/tags?post=3516"}],"curies":[{"name":"wp","href":"https:\/\/api.w.org\/{rel}","templated":true}]}}