{"id":2860,"date":"2024-02-08T10:12:34","date_gmt":"2024-02-08T13:12:34","guid":{"rendered":"https:\/\/consbelohorizonte.esteri.it\/?p=2860"},"modified":"2024-02-08T16:19:46","modified_gmt":"2024-02-08T19:19:46","slug":"consolato-ditalia-e-muvit-mg-promuovono-corso-gratuito-nella-giornata-nazionale-dellimmigrato-italiano","status":"publish","type":"post","link":"https:\/\/consbelohorizonte.esteri.it\/it\/news\/dal_consolato\/2024\/02\/consolato-ditalia-e-muvit-mg-promuovono-corso-gratuito-nella-giornata-nazionale-dellimmigrato-italiano\/","title":{"rendered":"CONSOLATO D&#8217;ITALIA E MUVIT MG PROMUOVONO CORSO GRATUITO NELLA GIORNATA NAZIONALE DELL&#8217;IMMIGRATO ITALIANO"},"content":{"rendered":"<p>L&#8217;iniziativa online apre le celebrazioni dei 150 anni dell&#8217;immigrazione italiana in Brasile.<\/p>\n<p>Il Consolato d\u2019Italia a Belo Horizonte, in collaborazione con il Museo Virtuale dell\u2019Immigrazione Italiana nel Minas Gerais (Muvit MG) e l\u2019Associazione Ponte entre Culturas, promuove il corso: <strong>\u201cItaliani in Brasile e Italiani del Brasile \u2013 emigranti, immigrati e italo discendenti\u201d.<\/strong><\/p>\n<p>La lezione inaugurale si svolger\u00e0 il 21 febbraio, data in cui in Brasile si celebra la Giornata Nazionale dell&#8217;Immigrato Italiano, e sar\u00e0 tenuta dallo storico Emilio Franzina, considerato uno dei pi\u00f9 grandi studiosi della storia dell&#8217;emigrazione italiana in America e Brasile.<\/p>\n<p>Gratuito e aperto a tutti gli interessati, il corso sar\u00e0 trasmesso in italiano, con traduzione simultanea in portoghese, sul canale YouTube @muvitmg ogni mercoled\u00ed alle 10.<\/p>\n<p>Saranno otto gli incontri \u00a0che affronteranno gli aspetti storici, culturali, politici e sociali dell&#8217;immigrazione italiana in Brasile e le relazioni bilaterali tra Brasile e Italia nell&#8217;arco di due secoli.<\/p>\n<p>Oltre al prof. Franzina, altri ospiti illustri, come Angelo Trento, autore del libro <em>Do outro lado do Atl\u00e2ntico: um s\u00e9culo de imigra\u00e7\u00e3o italiana no Brasil<\/em> (Editora Unesp) contribuiranno alla comprensione del tema.<\/p>\n<p>&nbsp;<\/p>\n<p><strong>150 anni di immigrazione italiana in Brasile<\/strong><\/p>\n<p>La Giornata Nazionale dell&#8217;Immigrato Italiano \u00e8 stata istituita con la Legge n. 11.687, del 2 giugno 2008, in ricordo della storica spedizione di Pietro Tabacchi nello Stato di Esp\u00edrito Santo, nel 1874, evento che simboleggia l&#8217;inizio del processo di migrazione di massa degli italiani in Brasile.<\/p>\n<p>Nel 2024 la data del 21 febbraio segna anche l&#8217;apertura delle celebrazioni dei 150 anni dell&#8217;immigrazione italiana in Brasile. Nel corso di quest&#8217;anno saranno diverse le iniziative in tutto il Brasile, promosse da istituzioni ed enti italiani e brasiliani con l&#8217;obiettivo di celebrare i forti rapporti che uniscono i due Paesi.<\/p>\n<p>&nbsp;<\/p>\n<p><strong>A proposito del Muvit MG<\/strong><\/p>\n<p>Il Museo Virtuale nasce con lo scopo di preservare testimonianze documentarie e storico-culturali della presenza italiana nello stato del Minas, oltre a numerose collezioni private che rappresentano un patrimonio collettivo a rischio.<\/p>\n<p>Il Museo mira inoltre a diffondere e incoraggiare nuove ricerche sull&#8217;argomento, fungendo da punto di accesso pubblico per tutte le parti interessate. Scopri di pi\u00f9: www.muvitmg.org.br<\/p>\n<p>&nbsp;<\/p>\n<p><strong>Evento<\/strong><\/p>\n<p>Corso \u201cItaliani in Brasile e Italiani in Brasile: emigranti, immigrati e discendenti italiani\u201d.<\/p>\n<p>Relatore: Em\u00edlio Franzina<\/p>\n<p>Data e ora: 21\/02\/24, alle 10:00<\/p>\n<p>Dove: Canale Youtube @muvitmg<\/p>\n<p>Accesso: gratuito e online.<\/p>\n<p>Lingua: italiano con possibilit\u00e0 di traduzione simultanea in portoghese.<\/p>\n<p>Realizzazione: Consolato Italiano a Belo Horizonte, Muvit MG e Ponte entre Culturas<\/p>\n<p>&nbsp;<\/p>\n<p><em>Contatto: Resp. Ufficio stampa: Vivian Cristiane Teixeira (31) 99195-0147<\/em><\/p>\n","protected":false},"excerpt":{"rendered":"L&#8217;iniziativa online apre le celebrazioni dei 150 anni dell&#8217;immigrazione italiana in Brasile. Il Consolato d\u2019Italia a Belo Horizonte, in collaborazione con il Museo Virtuale dell\u2019Immigrazione Italiana nel Minas Gerais (Muvit MG) e l\u2019Associazione Ponte entre Culturas, promuove il corso: \u201cItaliani in Brasile e Italiani del Brasile \u2013 emigranti, immigrati e italo discendenti\u201d. La lezione inaugurale [&hellip;]","protected":false},"author":20,"featured_media":2862,"comment_status":"closed","ping_status":"closed","sticky":false,"template":"","format":"standard","meta":{"footnotes":""},"tags":[],"class_list":["post-2860","post","type-post","status-publish","format-standard","has-post-thumbnail","hentry"],"_links":{"self":[{"href":"https:\/\/consbelohorizonte.esteri.it\/it\/wp-json\/wp\/v2\/posts\/2860","targetHints":{"allow":["GET"]}}],"collection":[{"href":"https:\/\/consbelohorizonte.esteri.it\/it\/wp-json\/wp\/v2\/posts"}],"about":[{"href":"https:\/\/consbelohorizonte.esteri.it\/it\/wp-json\/wp\/v2\/types\/post"}],"author":[{"embeddable":true,"href":"https:\/\/consbelohorizonte.esteri.it\/it\/wp-json\/wp\/v2\/users\/20"}],"replies":[{"embeddable":true,"href":"https:\/\/consbelohorizonte.esteri.it\/it\/wp-json\/wp\/v2\/comments?post=2860"}],"version-history":[{"count":1,"href":"https:\/\/consbelohorizonte.esteri.it\/it\/wp-json\/wp\/v2\/posts\/2860\/revisions"}],"predecessor-version":[{"id":2863,"href":"https:\/\/consbelohorizonte.esteri.it\/it\/wp-json\/wp\/v2\/posts\/2860\/revisions\/2863"}],"wp:featuredmedia":[{"embeddable":true,"href":"https:\/\/consbelohorizonte.esteri.it\/it\/wp-json\/wp\/v2\/media\/2862"}],"wp:attachment":[{"href":"https:\/\/consbelohorizonte.esteri.it\/it\/wp-json\/wp\/v2\/media?parent=2860"}],"wp:term":[{"taxonomy":"post_tag","embeddable":true,"href":"https:\/\/consbelohorizonte.esteri.it\/it\/wp-json\/wp\/v2\/tags?post=2860"}],"curies":[{"name":"wp","href":"https:\/\/api.w.org\/{rel}","templated":true}]}}