{"id":2832,"date":"2023-11-01T10:58:25","date_gmt":"2023-11-01T13:58:25","guid":{"rendered":"https:\/\/consbelohorizonte.esteri.it\/?p=2832"},"modified":"2024-02-01T11:09:16","modified_gmt":"2024-02-01T14:09:16","slug":"il-consolato-ditalia-a-belo-horizonte-offre-alle-citta-di-belo-horizonte-e-itabira-due-grandi-murales-dellartista-italiano-millo-in-occasione-della-xix-edizione-della-giornata-del-contempor","status":"publish","type":"post","link":"https:\/\/consbelohorizonte.esteri.it\/it\/news\/dal_consolato\/2023\/11\/il-consolato-ditalia-a-belo-horizonte-offre-alle-citta-di-belo-horizonte-e-itabira-due-grandi-murales-dellartista-italiano-millo-in-occasione-della-xix-edizione-della-giornata-del-contempor\/","title":{"rendered":"Il Consolato d&#8217;Italia a Belo Horizonte offre alle citt\u00e0 di Belo Horizonte e Itabira due grandi murales dell\u2019artista italiano Millo in occasione della XIX Edizione della Giornata del Contemporaneo"},"content":{"rendered":"<p>In occasione della XIX Edizione della Giornata del Contemporaneo, nel mese di ottobre il Consolato d&#8217;Italia a Belo Horizonte ha portato per la prima volta in Brasile l&#8217;artista italiano Millo, uno dei principali nomi dell&#8217;arte urbana contemporanea a livello mondiale.<\/p>\n<p>&nbsp;<\/p>\n<p>Il primo murale di Millo \u00e8 stato realizzato su invito del MAPA &#8211; Public Art Exhibition, il primo festival d&#8217;arte pubblica di Itabira, organizzato dal Comune di Itabira e Casinha associazione culturale a cura di P\u00fablica, e dedicato al poeta Carlos Drummond de Andrade.<\/p>\n<p>Unico artista straniero a partecipare all&#8217;evento, Millo ha realizzato un&#8217;opera nella principale arteria commerciale della citt\u00e0. In omaggio al poeta itabirano, Carlos Drummond de Andrade e alla sua celebre frase &#8216;Il vento \u00e8 contingenza, che pu\u00f2 anche soffiare contro i potenti. E l&#8217;aquilone sa ridere del vento, esplorarlo, giocarci, mentre il vento pensa che lo stia guidando\u201d, Millo ha reso l&#8217;idea dell&#8217;innocenza e della libert\u00e0 in un murales di quasi 400 mq. Ora, chi passa da av. Jo\u00e3o Pinheiro e guarda il cielo, pu\u00f2 vedere un personaggio gigante volare sopra la citt\u00e0 su un aquilone.<\/p>\n<p>&nbsp;<\/p>\n<p>Nella seconda tappa del progetto, Millo si \u00e8 spostato a Belo Horizonte, nello storico quartiere della Lagoinha, noto per essere culla della storia e della cultura della citt\u00e0, nonch\u00e9&#8217; il primo quartiere che ha accolto gli italiani al loro arrivo.<\/p>\n<p>Per sviluppare l\u2019opera nel quartiere di Lagoinha, Millo ha fatto una passeggiata nel quartiere con Filipe Thales, coordinatore di Viva Lagoinha, un&#8217;iniziativa che promuove la riqualificazione del territorio attraverso l&#8217;occupazione artistica e culturale. L&#8217;artista ha realizzato un&#8217;opera di 200 mq, che riassume vari aspetti caratteristici del luogo, come la raccolta e vendita di rottami metallici, e comunica sapientemente l&#8217;impegno degli abitanti per il quartiere, in coerenza con il tema centrale della Giornata del contemporaneo : il riciclo e la sostenibilit\u00e0.<\/p>\n<p>L\u2019opera \u00e8 incentrata su un personaggio che trasporta materiale di recupero che prende la forma di un cuore.<\/p>\n<p>&nbsp;<\/p>\n<p>Millo, nome d&#8217;arte di Francesco Camillo Giorgino, dipinge murales su larga scala che mostrano abitanti amichevoli che esplorano il loro ambiente urbano. Usa semplici linee in bianco e nero con tratti di colore quando necessario, e spesso incorpora elementi di architettura nei suoi dipinti. L&#8217;artista ha partecipato ai principali festival di arte urbana nel mondo ed \u00e8 uno dei nomi pi\u00f9 importanti dell&#8217;arte urbana contemporanea in tutto il mondo.<\/p>\n<p><em><u>\u00a0<\/u><\/em><\/p>\n<p><em><u>Giornata del Contemporaneo<\/u><\/em><\/p>\n<p>La Giornata del Contemporaneo \u00e8 una rassegna che mira a riflettere sulle possibili interazioni tra arte, design e scienza, valorizzando l&#8217;arte contemporanea italiana nel mondo. Il filo conduttore della Giornata del Contemporaneo 2023 \u00e8 il tema dell&#8217;ecologia, connesso a quello della sostenibilit\u00e0 ambientale.<\/p>\n<p>L&#8217;iniziativa \u00e8 promossa da AMACI &#8211; Associazione Musei Italiani d&#8217;Arte Contemporanea con il sostegno della Direzione Generale della Creativit\u00e0 Contemporanea del Ministero della Cultura italiano.<\/p>\n<p>&nbsp;<\/p>\n<p>&nbsp;<\/p>\n<p>MAPPA Festival &#8211; Murale situato a Av. Jo\u00e3o Pinheiro, 475. Centro. Itabira\/ MG<\/p>\n<p>Artista: Millo (Italia), ottobre 2023<\/p>\n<p>Realizzazione: Comune di Itabira e Associazione Culturale<\/p>\n<p>Produzione e curatela: P\u00fablica<\/p>\n<p>Partnership: Consolato d&#8217;Italia a Belo Horizonte \/ Giornata del Contemporaneo\/ AMACI &#8211; Associazione Musei Italiani d&#8217;Arte Contemporanea<\/p>\n<p>&nbsp;<\/p>\n<p>&nbsp;<\/p>\n<p>MURALE Lagoinha &#8211; Murale situato in Rua Itapecerica, 508. Lagoinha. Belo Horizonte\/MG<\/p>\n<p>Artista: Millo (Italia), ottobre 2023<\/p>\n<p>Realizzazione: Consolato d&#8217;Italia a Belo Horizonte &#8211; Giornata del Contemporaneo\/ AMACI &#8211; Associazione Musei Italiani d&#8217;Arte Contemporanea<\/p>\n<p>Produzione e curatela: P\u00fablica\/Juliana Flores<\/p>\n<p>Partenariato: Viva Lagoinha\/Filipe Thales<\/p>\n<p>Supporto: Municipio di Belo Horizonte<\/p>\n","protected":false},"excerpt":{"rendered":"In occasione della XIX Edizione della Giornata del Contemporaneo, nel mese di ottobre il Consolato d&#8217;Italia a Belo Horizonte ha portato per la prima volta in Brasile l&#8217;artista italiano Millo, uno dei principali nomi dell&#8217;arte urbana contemporanea a livello mondiale. &nbsp; Il primo murale di Millo \u00e8 stato realizzato su invito del MAPA &#8211; Public [&hellip;]","protected":false},"author":20,"featured_media":2835,"comment_status":"closed","ping_status":"closed","sticky":false,"template":"","format":"standard","meta":{"footnotes":""},"tags":[],"class_list":["post-2832","post","type-post","status-publish","format-standard","has-post-thumbnail","hentry"],"_links":{"self":[{"href":"https:\/\/consbelohorizonte.esteri.it\/it\/wp-json\/wp\/v2\/posts\/2832","targetHints":{"allow":["GET"]}}],"collection":[{"href":"https:\/\/consbelohorizonte.esteri.it\/it\/wp-json\/wp\/v2\/posts"}],"about":[{"href":"https:\/\/consbelohorizonte.esteri.it\/it\/wp-json\/wp\/v2\/types\/post"}],"author":[{"embeddable":true,"href":"https:\/\/consbelohorizonte.esteri.it\/it\/wp-json\/wp\/v2\/users\/20"}],"replies":[{"embeddable":true,"href":"https:\/\/consbelohorizonte.esteri.it\/it\/wp-json\/wp\/v2\/comments?post=2832"}],"version-history":[{"count":1,"href":"https:\/\/consbelohorizonte.esteri.it\/it\/wp-json\/wp\/v2\/posts\/2832\/revisions"}],"predecessor-version":[{"id":2838,"href":"https:\/\/consbelohorizonte.esteri.it\/it\/wp-json\/wp\/v2\/posts\/2832\/revisions\/2838"}],"wp:featuredmedia":[{"embeddable":true,"href":"https:\/\/consbelohorizonte.esteri.it\/it\/wp-json\/wp\/v2\/media\/2835"}],"wp:attachment":[{"href":"https:\/\/consbelohorizonte.esteri.it\/it\/wp-json\/wp\/v2\/media?parent=2832"}],"wp:term":[{"taxonomy":"post_tag","embeddable":true,"href":"https:\/\/consbelohorizonte.esteri.it\/it\/wp-json\/wp\/v2\/tags?post=2832"}],"curies":[{"name":"wp","href":"https:\/\/api.w.org\/{rel}","templated":true}]}}