{"id":2673,"date":"2023-12-13T08:49:30","date_gmt":"2023-12-13T11:49:30","guid":{"rendered":"https:\/\/consbelohorizonte.esteri.it\/?p=2673"},"modified":"2024-01-16T09:16:33","modified_gmt":"2024-01-16T12:16:33","slug":"angela-papale-e-fabio-marra-brilham-em-homenagem-a-maria-callas-em-belo-horizonte","status":"publish","type":"post","link":"https:\/\/consbelohorizonte.esteri.it\/it\/news\/dal_consolato\/2023\/12\/angela-papale-e-fabio-marra-brilham-em-homenagem-a-maria-callas-em-belo-horizonte\/","title":{"rendered":"Angela Papale e Fabio Marra brilham em homenagem a Maria Callas em Belo Horizonte"},"content":{"rendered":"<p>Neste \u00faltimo domingo (10), a Esta\u00e7\u00e3o da Cultura Presidente Itamar Franco, a famosa<br \/>\nOrquestra Filarm\u00f4nica de Minas Gerais, foi palco de uma apresenta\u00e7\u00e3o memor\u00e1vel,<br \/>\nmarcada pela genialidade e pela extraordin\u00e1ria performance de Angela Papale (soprano) e<br \/>\nFabio Marra (pianoforte). A manh\u00e3 foi dedicada \u00e0 homenagem \u00e0 renomada int\u00e9rprete da<br \/>\nm\u00fasica l\u00edrica, Maria Callas, em celebra\u00e7\u00e3o ao centen\u00e1rio da artista.<br \/>\nA turn\u00ea, promovida pelos Institutos Italianos de Cultura de S\u00e3o Paulo e do Rio de Janeiro,<br \/>\ncom o apoio da Embaixada da It\u00e1lia em Bras\u00edlia e em colabora\u00e7\u00e3o com os Consulados<br \/>\nitalianos de Curitiba, Belo Horizonte, Porto Alegre e Recife, encantou o p\u00fablico na capital<br \/>\nmineira.<br \/>\nAngela Papale e Fabio Marra emocionaram a plateia com suas interpreta\u00e7\u00f5es magistrais de<br \/>\ncl\u00e1ssicos italianos imortalizados pela voz inigual\u00e1vel de Maria Callas. Entre as pe\u00e7as<br \/>\napresentadas, destacam-se Madama Butterfly, de G. Puccini, e Un ballo in maschera, de G.<br \/>\nVerdi, obras que ecoaram a maestria da lend\u00e1ria soprano.<br \/>\nA apresenta\u00e7\u00e3o em Belo Horizonte n\u00e3o apenas prestou tributo \u00e0 extraordin\u00e1ria Maria Callas,<br \/>\nmas tamb\u00e9m refor\u00e7ou a riqueza da tradi\u00e7\u00e3o l\u00edrica italiana, cativando o p\u00fablico com a<br \/>\ncombina\u00e7\u00e3o harmoniosa e o talento singular de Angela Papale e Fabio Marra. O espet\u00e1culo<br \/>\nfoi marcado por emo\u00e7\u00f5es intensas, aplausos calorosos e a celebra\u00e7\u00e3o de uma heran\u00e7a<br \/>\nmusical que transcende gera\u00e7\u00f5es.<\/p>\n","protected":false},"excerpt":{"rendered":"Neste \u00faltimo domingo (10), a Esta\u00e7\u00e3o da Cultura Presidente Itamar Franco, a famosa Orquestra Filarm\u00f4nica de Minas Gerais, foi palco de uma apresenta\u00e7\u00e3o memor\u00e1vel, marcada pela genialidade e pela extraordin\u00e1ria performance de Angela Papale (soprano) e Fabio Marra (pianoforte). A manh\u00e3 foi dedicada \u00e0 homenagem \u00e0 renomada int\u00e9rprete da m\u00fasica l\u00edrica, Maria Callas, em celebra\u00e7\u00e3o [&hellip;]","protected":false},"author":20,"featured_media":2684,"comment_status":"closed","ping_status":"closed","sticky":false,"template":"","format":"standard","meta":{"footnotes":""},"tags":[],"class_list":["post-2673","post","type-post","status-publish","format-standard","has-post-thumbnail","hentry"],"_links":{"self":[{"href":"https:\/\/consbelohorizonte.esteri.it\/it\/wp-json\/wp\/v2\/posts\/2673","targetHints":{"allow":["GET"]}}],"collection":[{"href":"https:\/\/consbelohorizonte.esteri.it\/it\/wp-json\/wp\/v2\/posts"}],"about":[{"href":"https:\/\/consbelohorizonte.esteri.it\/it\/wp-json\/wp\/v2\/types\/post"}],"author":[{"embeddable":true,"href":"https:\/\/consbelohorizonte.esteri.it\/it\/wp-json\/wp\/v2\/users\/20"}],"replies":[{"embeddable":true,"href":"https:\/\/consbelohorizonte.esteri.it\/it\/wp-json\/wp\/v2\/comments?post=2673"}],"version-history":[{"count":1,"href":"https:\/\/consbelohorizonte.esteri.it\/it\/wp-json\/wp\/v2\/posts\/2673\/revisions"}],"predecessor-version":[{"id":2692,"href":"https:\/\/consbelohorizonte.esteri.it\/it\/wp-json\/wp\/v2\/posts\/2673\/revisions\/2692"}],"wp:featuredmedia":[{"embeddable":true,"href":"https:\/\/consbelohorizonte.esteri.it\/it\/wp-json\/wp\/v2\/media\/2684"}],"wp:attachment":[{"href":"https:\/\/consbelohorizonte.esteri.it\/it\/wp-json\/wp\/v2\/media?parent=2673"}],"wp:term":[{"taxonomy":"post_tag","embeddable":true,"href":"https:\/\/consbelohorizonte.esteri.it\/it\/wp-json\/wp\/v2\/tags?post=2673"}],"curies":[{"name":"wp","href":"https:\/\/api.w.org\/{rel}","templated":true}]}}