{"id":2419,"date":"2023-12-06T09:04:50","date_gmt":"2023-12-06T12:04:50","guid":{"rendered":"https:\/\/consbelohorizonte.esteri.it\/?p=2419"},"modified":"2023-12-06T09:21:15","modified_gmt":"2023-12-06T12:21:15","slug":"maria-callas-100-anos-turne-com-angela-papale-e-m-fabio-marra-pelo-brasil-celebra-o-centenario-de-maria-callas-na-sala-minas-gerais","status":"publish","type":"post","link":"https:\/\/consbelohorizonte.esteri.it\/it\/news\/dal_consolato\/2023\/12\/maria-callas-100-anos-turne-com-angela-papale-e-m-fabio-marra-pelo-brasil-celebra-o-centenario-de-maria-callas-na-sala-minas-gerais\/","title":{"rendered":"Maria Callas 100 anos &#8211; Turn\u00ea com Angela Papale e M\u00b0 Fabio Marra pelo Brasil celebra o centen\u00e1rio de Maria Callas na Sala Minas Gerais"},"content":{"rendered":"<p>Chega em Belo Horizonte, neste domingo, 10 de dezembro, \u00e0s 11 hs,\u00a0 a turn\u00ea de Angela Papale(soprano e Fabio Marra(pianoforte). A grande int\u00e9rprete da m\u00fasica l\u00edrica <strong>Maria Callas<\/strong> ser\u00e1 homenageada no m\u00eas em que se celebra seu centen\u00e1rio. Na programa\u00e7\u00e3o interpreta\u00e7\u00f5es de cl\u00e1ssicos italianos eternizados na voz de Callas, como<em> Madama Butterfly<\/em>, de G. Puccini, e <em>Un ballo in maschera<\/em>, de G. Verdi.<\/p>\n<p>Os Institutos Italianos de Cultura de S\u00e3o Paulo e do Rio de Janeiro, com o apoio da Embaixada da It\u00e1lia em Bras\u00edlia e em colabora\u00e7\u00e3o com os Consulados italianos de Curitiba, Belo Horizonte, Porto Alegre e Recife, promovem essa turn\u00ea por seis capitais brasileiras.<\/p>\n<p>Maria Callas \u00e9 uma das grandes vozes da hist\u00f3ria da \u00f3pera. Soprano de grande voca\u00e7\u00e3o dram\u00e1tica, dotada de uma excepcional extens\u00e3o vocal e timbre particular, foi protagonista da \u00e9poca de ouro da \u00f3pera italiana, se apresentando nos principais teatros e salas de concerto de todo o mundo. Ainda hoje \u00e9 lembrada por suas grandes interpreta\u00e7\u00f5es, tendo sido homenageada com biografias e pr\u00eamios \u2013 como o Pr\u00eamio Maria Callas, realizado anualmente desde 1993 pela Cia. \u00d3pera S\u00e3o Paulo.<\/p>\n<p>A soprano<strong> Angela Papale<\/strong> concluiu seus estudos musicais no Conservat\u00f3rio de Mil\u00e3o e aperfei\u00e7oou sua prepara\u00e7\u00e3o vocal sob a orienta\u00e7\u00e3o de Magda Olivero, Paolo Montarsolo e Fiorenza Cossotto. Mant\u00e9m uma intensa atividade concert\u00edstica na It\u00e1lia, na Europa, nos Estados Unidos, no M\u00e9xico, na China, no Jap\u00e3o, na Indon\u00e9sia e na Am\u00e9rica do Sul, despertando em todo lugar o entusiasmo da cr\u00edtica internacional e o sucesso de p\u00fablico na interpreta\u00e7\u00e3o do repert\u00f3rio oper\u00edstico.<\/p>\n<p><strong>M\u00b0 Fabio Marra<\/strong>, formado \u201ccum laude\u201d em piano, composi\u00e7\u00e3o e dire\u00e7\u00e3o de orquestra, atua como pianista, diretor do repert\u00f3rio sinf\u00f4nico e oper\u00edstico e compositor. Realizou v\u00e1rios concertos e turn\u00eas na It\u00e1lia, na Europa, nos Estados Unidos, na China, no Jap\u00e3o e na Am\u00e9rica do Sul, para importantes Associa\u00e7\u00f5es e Funda\u00e7\u00f5es musicais como <em>Amici della Musica<\/em>, <em>Radio Televisione Italiana<\/em>, <em>Festival Rossiniano<\/em>, <em>Merano Opera<\/em>. Entre as orquestras dirigidas destacam-se a Accademia Strumentale Italiana, a Sinfonica de Bari, a Nuova Sinfonica de Mil\u00e3o, a Orquestra de C\u00e2mara de Merano, a Orquestra de C\u00e2mara de Lugano.<\/p>\n<p>&nbsp;<\/p>\n<p>Ingressos s\u00e3o gratuitos e devem ser adquiridos pelo Sympla:<\/p>\n<p><a href=\"https:\/\/www.sympla.com.br\/recital-operistico-homenagem-aos-100-anos-de-maria-callas-con-angela-papale-e-fabio-marra__2271397\">https:\/\/www.sympla.com.br\/recital-operistico-homenagem-aos-100-anos-de-maria-callas-con-angela-papale-e-fabio-marra__2271397<\/a><\/p>\n<p>&nbsp;<\/p>\n<p><strong>Programa:<\/strong><\/p>\n<p>&nbsp;<\/p>\n<ol>\n<li>Verdi\u00a0 \u00a0 \u00a0 \u00a0 \u00a0 \u00a0 \u00a0 \u00a0 \u00a0 \u00a0 \u00a0 \u00a0 \u00a0 \u00a0 \u00a0 \u00a0 \u00a0 \u00a0 \u00a0 \u00a0 Un ballo in maschera<\/li>\n<\/ol>\n<p>\u00c1ria de Am\u00e9lia<\/p>\n<p>\u00abMorr\u00f2, ma prima in grazia\u00bb<\/p>\n<p>&nbsp;<\/p>\n<ol>\n<li>Donizetti \u00a0 \u00a0 \u00a0 \u00a0 \u00a0 \u00a0 \u00a0 \u00a0 \u00a0 \u00a0 \u00a0 \u00a0 \u00a0 \u00a0 \u00a0 \u00a0 Roberto Devereux<\/li>\n<\/ol>\n<p>\u00abQuel sangue versato\u00bb<\/p>\n<p>&nbsp;<\/p>\n<ol>\n<li>Puccini \u00a0 \u00a0 \u00a0 \u00a0 \u00a0 \u00a0 \u00a0 \u00a0 \u00a0 \u00a0 \u00a0 \u00a0 \u00a0 \u00a0 \u00a0 \u00a0 \u00a0 \u00a0 Manon Lescaut<\/li>\n<\/ol>\n<p>\u00abSola, perduta, abbandonata\u00bb<\/p>\n<p>&nbsp;<\/p>\n<p>Tosca<\/p>\n<p>\u00abVissi d\u2019arte\u00bb<\/p>\n<p>&nbsp;<\/p>\n<p>Madama Butterfly<\/p>\n<p>\u00abUn bel d\u00ec vedremo\u00bb<\/p>\n<p>&nbsp;<\/p>\n<ol>\n<li>Giordano \u00a0 \u00a0 \u00a0 \u00a0 \u00a0 \u00a0 \u00a0 \u00a0 \u00a0 \u00a0 \u00a0 \u00a0 \u00a0 \u00a0 \u00a0 \u00a0 Andrea Ch\u00e9nier<\/li>\n<\/ol>\n<p>\u00abLa mamma morta\u00bb<\/p>\n<p>&nbsp;<\/p>\n<ol>\n<li>Mascagni\u00a0 \u00a0 \u00a0 \u00a0 \u00a0 \u00a0 \u00a0 \u00a0 \u00a0 \u00a0 \u00a0 \u00a0 \u00a0 \u00a0 \u00a0 \u00a0 Amico Fritz<\/li>\n<\/ol>\n<p>\u00c1ria de Suzel<\/p>\n<p>\u00abSon pochi fiori\u00bb<\/p>\n<p>&nbsp;<\/p>\n<ol>\n<li>Puccini \u00a0 \u00a0 \u00a0 \u00a0 \u00a0 \u00a0 \u00a0 \u00a0 \u00a0 \u00a0 \u00a0 \u00a0 \u00a0 \u00a0 \u00a0 \u00a0 \u00a0 Duas can\u00e7\u00f5es:<\/li>\n<\/ol>\n<p>Sole e Amore<\/p>\n<p>Morire?<\/p>\n<p>&nbsp;<\/p>\n<p>F.P. Tosti \u00a0 \u00a0 \u00a0 \u00a0 \u00a0 \u00a0 \u00a0 \u00a0 \u00a0 \u00a0 \u00a0 \u00a0 \u00a0 \u00a0 \u00a0 \u00a0 \u00a0 \u00a0 Tr\u00eas canc\u00f5es:<\/p>\n<p>Se tu non torni<\/p>\n<p>Mal\u00eca<\/p>\n<p>Baciami!<\/p>\n<p>&nbsp;<\/p>\n<p><strong>Servi\u00e7o:<\/strong><\/p>\n<p>Belo Horizonte | 10\/12 \u00e0s 11h<\/p>\n<p>Sala Minas (Rua Tenente Brito Melo, 1090 &#8211; Barro Preto, Belo Horizonte &#8211; MG, (30180-070)<\/p>\n","protected":false},"excerpt":{"rendered":"Chega em Belo Horizonte, neste domingo, 10 de dezembro, \u00e0s 11 hs,\u00a0 a turn\u00ea de Angela Papale(soprano e Fabio Marra(pianoforte). A grande int\u00e9rprete da m\u00fasica l\u00edrica Maria Callas ser\u00e1 homenageada no m\u00eas em que se celebra seu centen\u00e1rio. Na programa\u00e7\u00e3o interpreta\u00e7\u00f5es de cl\u00e1ssicos italianos eternizados na voz de Callas, como Madama Butterfly, de G. Puccini, [&hellip;]","protected":false},"author":20,"featured_media":2437,"comment_status":"closed","ping_status":"closed","sticky":false,"template":"","format":"standard","meta":{"footnotes":""},"tags":[],"class_list":["post-2419","post","type-post","status-publish","format-standard","has-post-thumbnail","hentry"],"_links":{"self":[{"href":"https:\/\/consbelohorizonte.esteri.it\/it\/wp-json\/wp\/v2\/posts\/2419","targetHints":{"allow":["GET"]}}],"collection":[{"href":"https:\/\/consbelohorizonte.esteri.it\/it\/wp-json\/wp\/v2\/posts"}],"about":[{"href":"https:\/\/consbelohorizonte.esteri.it\/it\/wp-json\/wp\/v2\/types\/post"}],"author":[{"embeddable":true,"href":"https:\/\/consbelohorizonte.esteri.it\/it\/wp-json\/wp\/v2\/users\/20"}],"replies":[{"embeddable":true,"href":"https:\/\/consbelohorizonte.esteri.it\/it\/wp-json\/wp\/v2\/comments?post=2419"}],"version-history":[{"count":1,"href":"https:\/\/consbelohorizonte.esteri.it\/it\/wp-json\/wp\/v2\/posts\/2419\/revisions"}],"predecessor-version":[{"id":2424,"href":"https:\/\/consbelohorizonte.esteri.it\/it\/wp-json\/wp\/v2\/posts\/2419\/revisions\/2424"}],"wp:featuredmedia":[{"embeddable":true,"href":"https:\/\/consbelohorizonte.esteri.it\/it\/wp-json\/wp\/v2\/media\/2437"}],"wp:attachment":[{"href":"https:\/\/consbelohorizonte.esteri.it\/it\/wp-json\/wp\/v2\/media?parent=2419"}],"wp:term":[{"taxonomy":"post_tag","embeddable":true,"href":"https:\/\/consbelohorizonte.esteri.it\/it\/wp-json\/wp\/v2\/tags?post=2419"}],"curies":[{"name":"wp","href":"https:\/\/api.w.org\/{rel}","templated":true}]}}