{"id":2173,"date":"2023-09-30T09:41:08","date_gmt":"2023-09-30T12:41:08","guid":{"rendered":"https:\/\/consbelohorizonte.esteri.it\/?p=2173"},"modified":"2023-10-31T09:42:12","modified_gmt":"2023-10-31T12:42:12","slug":"tour-gaia-gentile","status":"publish","type":"post","link":"https:\/\/consbelohorizonte.esteri.it\/it\/news\/dal_consolato\/2023\/09\/tour-gaia-gentile\/","title":{"rendered":"TOUR GAIA GENTILE"},"content":{"rendered":"<p>O Consulado da It\u00e1lia em Belo Horizonte teve o prazer de apresentar a cantora italiana Gaia Gentile para Minas Gerais!<\/p>\n<p>Pela primeira vez em Minas Gerais e acompanhada pelos m\u00fasicos Antonio Boezio, na guitarra, e Nicolo Pantaleo, no sax, Gaia trouxe todo o talento e charme da m\u00fasica italiana em duas apresenta\u00e7\u00f5es especiais, uma no dia 23\/09\/2023, no Conservat\u00f3rio de M\u00fasica de S\u00e3o Jo\u00e3o del Rei e outra, no dia 26\/09\/2023, no Clube de Jazz do Caf\u00e9 com Letras na nossa querida Capital, BH. Duas noite muito especiais para nossa comunidade! Confira as fotos dos eventos!<\/p>\n<p><a href=\"https:\/\/galeriaonline.smugmug.com\/Leonardo-Pedone\/n-6S6WJ3\/Gaia-Gentile-Trio\/\">FOTOS BELO HORIZONTE<\/a><\/p>\n<p><a href=\"https:\/\/drive.google.com\/file\/d\/1B1FTO8sVOAGmxHmV-JyWmqhfLyf_yJpc\/view?usp=drive_link\">V\u00cdDEO S\u00c3O JO\u00c3O DEL REI<\/a><\/p>\n","protected":false},"excerpt":{"rendered":"O Consulado da It\u00e1lia em Belo Horizonte teve o prazer de apresentar a cantora italiana Gaia Gentile para Minas Gerais! Pela primeira vez em Minas Gerais e acompanhada pelos m\u00fasicos Antonio Boezio, na guitarra, e Nicolo Pantaleo, no sax, Gaia trouxe todo o talento e charme da m\u00fasica italiana em duas apresenta\u00e7\u00f5es especiais, uma no [&hellip;]","protected":false},"author":20,"featured_media":2172,"comment_status":"closed","ping_status":"closed","sticky":false,"template":"","format":"standard","meta":{"footnotes":""},"tags":[],"class_list":["post-2173","post","type-post","status-publish","format-standard","has-post-thumbnail","hentry"],"_links":{"self":[{"href":"https:\/\/consbelohorizonte.esteri.it\/it\/wp-json\/wp\/v2\/posts\/2173","targetHints":{"allow":["GET"]}}],"collection":[{"href":"https:\/\/consbelohorizonte.esteri.it\/it\/wp-json\/wp\/v2\/posts"}],"about":[{"href":"https:\/\/consbelohorizonte.esteri.it\/it\/wp-json\/wp\/v2\/types\/post"}],"author":[{"embeddable":true,"href":"https:\/\/consbelohorizonte.esteri.it\/it\/wp-json\/wp\/v2\/users\/20"}],"replies":[{"embeddable":true,"href":"https:\/\/consbelohorizonte.esteri.it\/it\/wp-json\/wp\/v2\/comments?post=2173"}],"version-history":[{"count":1,"href":"https:\/\/consbelohorizonte.esteri.it\/it\/wp-json\/wp\/v2\/posts\/2173\/revisions"}],"predecessor-version":[{"id":2174,"href":"https:\/\/consbelohorizonte.esteri.it\/it\/wp-json\/wp\/v2\/posts\/2173\/revisions\/2174"}],"wp:featuredmedia":[{"embeddable":true,"href":"https:\/\/consbelohorizonte.esteri.it\/it\/wp-json\/wp\/v2\/media\/2172"}],"wp:attachment":[{"href":"https:\/\/consbelohorizonte.esteri.it\/it\/wp-json\/wp\/v2\/media?parent=2173"}],"wp:term":[{"taxonomy":"post_tag","embeddable":true,"href":"https:\/\/consbelohorizonte.esteri.it\/it\/wp-json\/wp\/v2\/tags?post=2173"}],"curies":[{"name":"wp","href":"https:\/\/api.w.org\/{rel}","templated":true}]}}