{"id":2141,"date":"2023-10-11T09:25:11","date_gmt":"2023-10-11T12:25:11","guid":{"rendered":"https:\/\/consbelohorizonte.esteri.it\/?p=2141"},"modified":"2023-10-12T10:09:27","modified_gmt":"2023-10-12T13:09:27","slug":"xxiii-settimana-della-lingua-italiana-nel-mondo","status":"publish","type":"post","link":"https:\/\/consbelohorizonte.esteri.it\/it\/news\/dal_consolato\/2023\/10\/xxiii-settimana-della-lingua-italiana-nel-mondo\/","title":{"rendered":"XXIII SETTIMANA DELLA LINGUA ITALIANA NEL MONDO"},"content":{"rendered":"<p><strong>XXIII SETTIMANA DELLA LINGUA ITALIANA NEL MONDO<\/strong><\/p>\n<p><strong>\u00a0<\/strong><\/p>\n<p><strong>\u201cL\u2019italiano e la sostenibilit\u00e0\u201d<\/strong><\/p>\n<p><strong>Belo Horizonte &#8211; de 16 a 22 de outubro de 2023<\/strong><\/p>\n<p>&nbsp;<\/p>\n<p style=\"text-align: justify;\">O <strong>Consulado da It\u00e1lia em Belo Horizonte<\/strong> traz a XXIII edi\u00e7\u00e3o da <strong>Semana da L\u00edngua Italiana no Mundo<\/strong>, evento que conta com a parceria da Casa Fiat de Cultura, UFMG-FALE, Funda\u00e7\u00e3o Torino, Comites-MG, Cinema Centro Cultural Unimed-BH Minas, com o apoio da Academia Mineira de Letras e de outras entidades brasileiras e italianas. As iniciativas propostas nesta edi\u00e7\u00e3o <strong>(16 a 22 de outubro)<\/strong> v\u00e3o abordar o tema: \u201c<strong>O Italiano e a Sustentabilidade<\/strong>\u201d alinhado \u00e0 celebra\u00e7\u00e3o do centen\u00e1rio do nascimento de Italo Calvino, autor do vision\u00e1rio pensamento ecologista, e t\u00eam como objetivo aprofundar o conhecimento da l\u00edngua italiana, suas conex\u00f5es com a cultura da sustentabilidade e a imagem de uma It\u00e1lia na vanguarda das quest\u00f5es ambientais. A <a href=\"https:\/\/consbelohorizonte.esteri.it\/wp-content\/uploads\/2023\/10\/PROGRAMACAO-COMPLETA-.pdf\">programa\u00e7\u00e3o<\/a> acontece em diversos espa\u00e7os espalhados pela capital mineira e pelo estado de Minas Gerais, favorecendo, desta forma, a participa\u00e7\u00e3o de um p\u00fablico variado nas diversas atividades propostas, que abordam m\u00fasica, encontros, feiras, palestras, conversas e exposi\u00e7\u00f5es.<\/p>\n<p>&nbsp;<\/p>\n<h4><\/h4>\n<h4><strong>\u00a0<\/strong><\/h4>\n<h3 style=\"text-align: center;\"><strong>Pr\u00e9-estreia SLIM: <\/strong><strong>\u00d3pera barroca italiana \u00e0 modinha: di\u00e1logo um tanto imprevisto com Calvino\u00a0 <\/strong><\/h3>\n<p style=\"text-align: justify;\">No dia <strong>15 de outubro<\/strong>, acontecer\u00e1, em Belo Horizonte, a abertura da Semana da L\u00edngua Italiana com uma edi\u00e7\u00e3o especial do programa M\u00fasica na Capela, realizado pela Casa Fiat de Cultura. A apresenta\u00e7\u00e3o do grupo <strong>Musica Figurata, <\/strong>produzida e regida por Robson Bessa, abordar\u00e1 a \u00f3pera e a m\u00fasica italiana apresentada nos teatros e saraus em Minas nos s\u00e9culos XVIII e XIX.<\/p>\n<p style=\"text-align: justify;\">\u201cRelacionar \u00f3pera barroca e Calvino pode parecer uma tarefa um pouco estranha, mas, se olharmos para a It\u00e1lia moderna como um palimpsesto onde foram depositadas in\u00fameras camadas desde as primeiras manifesta\u00e7\u00f5es culturais na pen\u00ednsula, percebemos que tanto a \u00f3pera quanto Calvino s\u00e3o frutos da paix\u00e3o italiana pela arte. A \u00f3pera \u00e9 filha do humanismo dos s\u00e9culos XIV, XV e XVI, e Calvino, genial descendente de toda a cultura italiana.\u201d (Robson Bessa)<\/p>\n<p style=\"text-align: justify;\">O evento ser\u00e1 realizado na <strong>Capela de Santana<\/strong>, das <strong>11h \u00e0s 12h<\/strong>, nos jardins da Casa Fiat de Cultura (Pra\u00e7a da Liberdade, n\u00ba 10, bairro Funcion\u00e1rios &#8211; BH), com <strong>entrada gratuita<\/strong>, sujeita \u00e0 lota\u00e7\u00e3o do espa\u00e7o.<\/p>\n<p style=\"text-align: center;\"><a href=\"https:\/\/consbelohorizonte.esteri.it\/wp-content\/uploads\/2023\/10\/Da-opera-barroca-italiana-a-modinha-dialogo-um-tanto-imprevisto-com-Calvino-.pdf\">VER PROGRAMA<\/a><\/p>\n<h3><\/h3>\n<h3 style=\"text-align: center;\"><strong>Noite de Curtas \u201c Os \u00faltimos dias da humanidade\u201d <\/strong><\/h3>\n<p style=\"text-align: justify;\">Em parceira com o Centro Cultural Unimed-BH Minas<strong>,<\/strong> o Consulado apresenta, na segunda-feira, <strong>16 de outubro<\/strong>, uma noite dedicada aos curtas!<\/p>\n<p style=\"text-align: justify;\"><strong>Graziano e La Giraffa<\/strong>\u00a0 (Fabio Orlando e Tommaso Zerbi, 2022, 7&#8242;)<\/p>\n<p style=\"text-align: justify;\"><strong>La Confessione<\/strong> (Giuseppe D\u2019Angella e Simone D\u2019Alessandro, 2022, 15&#8242;)<\/p>\n<p style=\"text-align: justify;\"><strong>Nica<\/strong> (Giuditta Vasile, 2022, 9&#8242;)<\/p>\n<p style=\"text-align: justify;\"><strong>Km9<\/strong> (Filippo Valsecchi, 2022, 13&#8242;)<\/p>\n<p style=\"text-align: justify;\"><strong>Eight Steps<\/strong> (Anna Seviroli, 2022, 12&#8242;)<\/p>\n<p style=\"text-align: justify;\">Os cinco curtas italianos foram reunidos na sess\u00e3o \u201cOs \u00faltimos dias de humanidade\u201d, no intuito de propor resson\u00e2ncias e explorar os choques por eles produzidos. O fio condutor da programa\u00e7\u00e3o foi a ideia de uma viol\u00eancia invis\u00edvel &#8211; presente no nosso tempo hist\u00f3rico (o capitalismo tardio) &#8211; que tolhe no cotidiano aquilo que nos humaniza.<\/p>\n<p style=\"text-align: justify;\">Com in\u00edcio \u00e0s <strong>20h<\/strong>, a sess\u00e3o ser\u00e1 comtemplada com um debate com os programadores Gabriel Brescia, Helena Elias e Mariana Amador e ser\u00e1 projetada no <strong>Cinema do<\/strong> <strong>Centro Cultural Unimed-BH Minas<\/strong><\/p>\n<p style=\"text-align: center;\"><a href=\"https:\/\/consbelohorizonte.esteri.it\/wp-content\/uploads\/2023\/10\/Noite-de-Curtas.pdf\">VER PROGRAMA<\/a><\/p>\n<p>&nbsp;<\/p>\n<p>&nbsp;<\/p>\n<h3 style=\"text-align: center;\"><strong>Os nossos antepassados: homenagem a Italo Calvino e a Matteo Bartoli<\/strong><\/h3>\n<p><strong>\u00a0<\/strong>A <strong>Faculdade de Letras da UMFG<\/strong> far\u00e1 no dia <strong>17 de outubro<\/strong>, na <strong>sala 2001<\/strong>, uma<a href=\"https:\/\/consbelohorizonte.esteri.it\/wp-content\/uploads\/2023\/10\/Os-nossos-antepassados-homenagem-a-Italo-Calvino-e-a-Matteo-Bartoli.pdf\"> Mesa Redonda<\/a> sobre Italo Calvino com o t\u00edtulo \u201cO s\u00e9culo de Italo Calvino: vida e obra\u201d, composta pelas professoras Bruna Fontes Ferraz (CEFES-MG), Claudia Maia (CEFET MG) e Ana Maria Chiarini (FALE UFMG).<\/p>\n<p>O evento, com abertura \u00e0s 9h, contar\u00e1 tamb\u00e9m com o lan\u00e7amento dos livros \u201cS\u00f3 e Companhia\u201d de Ana Chiarini e \u201cSapore, Sapere: por uma po\u00e9tica dos cinco sentidos em Italo Calvino\u201d, de Bruna Fontes Ferraz. A programa\u00e7\u00e3o matinal\u00a0 se encerrar\u00e1 com a palestra do Professor Evandro Paradela Cunha (UFMG) sobre o linguista italiano Matteo Bartoli, fundador da teoria espacial ou neolingu\u00edstica na It\u00e1lia.<\/p>\n<p>Durante toda a Semana, do dia 16 a 20\/10, a Faculdade de Letras da UFMG tamb\u00e9m abrigar\u00e1 a<a href=\"https:\/\/consbelohorizonte.esteri.it\/wp-content\/uploads\/2023\/10\/Mostra-Calvino-qui-e-altrove-.pdf\"> mostra &#8220;Calvino qui e altrove&#8221;<\/a>, oferecida pelo Consulado e desenvolvida pela Funda\u00e7\u00e3o Mondadori e pelo Laborat\u00f3rio Calvino. Formada por oito pain\u00e9is, a mostra reconstr\u00f3i a viagem de suas obras pelo mundo, \u201cqui e altrove\u201d, a partir de um itiner\u00e1rio visivo das capas de seus livros mais celebrados.<\/p>\n<p>A programa\u00e7\u00e3o da FALE continua ainda no dia <strong>18 de outubro \u00e0s 11h30<\/strong> com a <a href=\"https:\/\/consbelohorizonte.esteri.it\/wp-content\/uploads\/2023\/10\/Projecao-do-longa-SiccitaSeca.pdf\">reprodu\u00e7\u00e3o do filme &#8220;Siccit\u00e0&#8221;<\/a> (subtitulado em portugu\u00eas), na sala 2003.<\/p>\n<p style=\"text-align: center;\"><a href=\"https:\/\/consbelohorizonte.esteri.it\/wp-content\/uploads\/2023\/10\/Completo-Os-nossos-antepassados-homenagem-a-Italo-Calvino-e-a-Matteo-Bartoli.pdf\">VER PROGRAMA<\/a><\/p>\n<p><strong>\u00a0<\/strong><\/p>\n<p>&nbsp;<\/p>\n<h3 style=\"text-align: center;\"><strong>Conversa com o Prof. Wander Melo Miranda (FALE UFMG e AML) mediada pela Prof\u00aa. Anna Palma (FALE UFMG): A rela\u00e7\u00e3o entre \u201cA cidade vazia\u201d, de Fernando Sabino, e \u201cLe Cosmicomiche\u201d, de Italo Calvino<\/strong>.<\/h3>\n<p style=\"text-align: justify;\">No dia <strong>18 de outubro<\/strong>,<strong> \u00e0s 19h30<\/strong>, o Consulado da It\u00e1lia em Belo Horizonte e a Casa Fiat de Cultura convidam o Prof. Wander Melo Miranda, professor em\u00e9rito da FALE UFMG e membro da Academia Mineira de Letras, e Anna Palma, professora da FALE UFMG, para uma conversa sobre a rela\u00e7\u00e3o entre os autores Italo Calvino e Fernando Sabino. O di\u00e1logo, que conta com o apoio da Academia Mineira de Letras e da Casa Fiat de Cultura, se dar\u00e1 a partir da conex\u00e3o estabelecida entre as obras \u201cLe Cosmicomiche\u201d, do autor italiano, e \u201cA cidade Vazia\u201d, do mineiro.\u00a0 O encontro contar\u00e1 com a participa\u00e7\u00e3o especial de Bernardo Estill Sabino, filho do autor e presidente do instituto Fernando Sabino. O bate-papo ser\u00e1 realizado na Casa Fiat de Cultura, com entrada gratuita e inscri\u00e7\u00f5es pela <a href=\"https:\/\/www.sympla.com.br\/produtor\/casafiatdecultura\">SYMPLA<\/a>. O evento ser\u00e1 resgistrado para posterior divulga\u00e7\u00e3o.<\/p>\n<p style=\"text-align: center;\"><a href=\"https:\/\/consbelohorizonte.esteri.it\/wp-content\/uploads\/2023\/10\/Conversa-com-o-Prof.-Wander-Melo-mediada-pela-Prof.-Anna-Palma-A-relacao-entre-A-cidade-vazia-de-Fernando-Sabino-e-Le-Cosmicomiche-de-Italo-Calvino.pdf\">VER PROGRAMA<\/a><\/p>\n<p>&nbsp;<\/p>\n<p>&nbsp;<\/p>\n<h3 style=\"text-align: center;\"><strong>Roda de Conversa, M\u00fasica, Ci\u00eancia e Filosofia no Horizonte da Sustentabilidade Socioambiental<\/strong><\/h3>\n<p style=\"text-align: justify;\"><strong>\u00a0<\/strong>O <strong>Centro Cultural da UFSJ<\/strong> ser\u00e1 sede do encontro dedicado \u00e0 SLIM 2023, na cidade de <strong>S\u00e3o Jo\u00e3o del-Rei<\/strong>, no dia <strong>18 de outubro<\/strong>.<\/p>\n<p style=\"text-align: justify;\">A \u201cserata\u201d da \u201cSostenibilIT\u00c0\u201d, com in\u00edcio <strong>\u00e0s 19h30<\/strong>, ser\u00e1 composta por quatro momentos: um primeiro, em formato de mesa redonda, dentro do tema da sustentabilidade socioambiental, ser\u00e1 composta por professores e alunos da universidade e mediada pelo agente consular Guido Boletti; um segundo momento contar\u00e1 com a apresenta\u00e7\u00e3o do Duo Aduar, formado por Thobias Jac\u00f3 e Gabriel Guedez, do curso de licenciatura em m\u00fasica, com can\u00e7\u00f5es autorais traduzidas em l\u00edngua italiana; um terceiro consistir\u00e1 na leitura do livro \u201cMetamorfose\u201d do fil\u00f3sofo italiano Emanuele Coccia; e por fim, uma das fam\u00edlias da col\u00f4nia de origem italiana de S\u00e3o Jo\u00e3o del-Rei dar\u00e3o uma breve entrevista.<\/p>\n<p style=\"text-align: center;\"><a href=\"https:\/\/consbelohorizonte.esteri.it\/wp-content\/uploads\/2023\/10\/Roda-de-Conversa-Musica-Ciencia-e-Filosofia-no-Horizonte-da-Sustentabilidade-Socioambiental.pdf\">\u00a0VER PROGRAMA<\/a><strong><br \/>\n<\/strong><\/p>\n<p>&nbsp;<\/p>\n<p>&nbsp;<\/p>\n<h3 style=\"text-align: center;\"><strong>Comites-MG apresenta: Due Chiacchiere<\/strong><\/h3>\n<p style=\"text-align: justify;\"><strong>\u00a0<\/strong>O Comites-MG realizar\u00e1, no dia <strong>19 de outubro,<\/strong> uma edi\u00e7\u00e3o, dedicada \u00e0 Semana da L\u00edngua Italiana, do &#8220;<strong>Due Chiacchiere\u201d<\/strong>, um grupo de simpatizantes da l\u00edngua italiana.<\/p>\n<p style=\"text-align: justify;\">O encontro, com in\u00edcio \u00e0s <strong>20h<\/strong> da quinta-feira, ser\u00e1 estruturado em tr\u00eas salas virtuais, uma com tema livre, outra com tradu\u00e7\u00e3o das can\u00e7\u00f5es italianas de M\u00e5neskin, em prepara\u00e7\u00e3o para seu pr\u00f3ximo show no Brasil, uma terceira com jogos did\u00e1ticos e criativos para o estudo da l\u00edngua e uma quarta a tema vida e obra de Italo Calvino.<\/p>\n<p style=\"text-align: justify;\">Para mais informa\u00e7\u00f5es acessar: <a href=\"https:\/\/comitesmg.org.br\/index.php\/projetos\/due-chiacchiere\">https:\/\/comitesmg.org.br\/index.php\/projetos\/due-chiacchiere<\/a><\/p>\n<p style=\"text-align: center;\"><a href=\"https:\/\/consbelohorizonte.esteri.it\/wp-content\/uploads\/2023\/10\/Due-chiacchiere.pdf\">VER PROGRAMA<\/a><\/p>\n<p>&nbsp;<\/p>\n<p>&nbsp;<\/p>\n<h3 style=\"text-align: center;\"><strong>Apresenta\u00e7\u00e3o de trabalhos dos alunos da Funda\u00e7\u00e3o Torino com a participa\u00e7\u00e3o da C\u00f4nsul italiana, Nicoletta Gomiero<\/strong><\/h3>\n<p><strong>\u00a0<\/strong>No dia <strong>20 de outubro,<\/strong> a C\u00f4nsul Nicoletta Gomiero ser\u00e1 a convidada ilustre dos alunos da Escola Internacional da Funda\u00e7\u00e3o Torino. Da <em>Materna<\/em> \u00e0 <em>Superiore<\/em>, os alunos far\u00e3o uma apresenta\u00e7\u00e3o especial dos trabalhos desenvolvidos em sala de aula, em virtude da <em>XXIII Settimana della Lingua Italiana nel Mondo<\/em>. Em cada s\u00e9rie escolar, eles desenvolver\u00e3o o tema da central de 2023, a sustentabilidade, conjugando-a com v\u00e1rias \u00e1reas do saber, tais como literatura,\u00a0 m\u00fasica,\u00a0 teatro, hist\u00f3ria, geografia e muito mais. O encontro ocorrer\u00e1 na Funda\u00e7\u00e3o Torino, em Nova Lima, no per\u00edodo da manh\u00e3.<\/p>\n<p style=\"text-align: center;\"><a href=\"https:\/\/consbelohorizonte.esteri.it\/wp-content\/uploads\/2023\/10\/Apresentacao-de-trabalhos-dos-alunos-da-Fundacao-Torino-com-a-participacao-da-Consul-italiana-Nicoletta-Gomiero.pdf\">VER PROGRAMA<\/a><\/p>\n<p><strong>\u00a0<\/strong><\/p>\n<p>&nbsp;<\/p>\n<h3 style=\"text-align: center;\"><strong>Feira de Livros do Centro de L\u00ednguas Funda\u00e7\u00e3o Torino, na Casa Fiat de Cultura<\/strong><\/h3>\n<p><strong>\u00a0<\/strong>Para <em>a XXIII Settimana della Lingua Italiana nel Mondo,<\/em> o Centro de L\u00ednguas da Funda\u00e7\u00e3o Torino promover\u00e1 uma <strong>Feira de Livros Usados<\/strong>, unindo a cultura da sustentabilidade com a sua miss\u00e3o de promover a l\u00edngua e a cultura italianas. Ser\u00e3o disponibilizados mais de 300 exemplares de g\u00eaneros variados da literatura italiana ou traduzidos para esse idioma, al\u00e9m de dicion\u00e1rios e gram\u00e1ticas.<\/p>\n<p>A ideia principal da iniciativa \u00e9 fomentar a cultura do reuso e do consumo consciente, enquanto promove o acesso \u00e0 leitura e ao conhecimento da l\u00edngua italiana. Ser\u00e3o doados at\u00e9 dois livros por pessoa.<\/p>\n<p>A <strong>Feira de Livros Usados<\/strong> ocorrer\u00e1 no dia <strong>21 de outubro<\/strong>, na Casa Fiat de Cultura, das <strong>10h <\/strong>\u00e0s <strong>14h, com entrada gratuita.<\/strong><\/p>\n<p style=\"text-align: center;\"><a href=\"https:\/\/consbelohorizonte.esteri.it\/wp-content\/uploads\/2023\/10\/Feira-de-Livros-Centro-de-Linguas-Fundacao-Torino.pdf\">VER PROGRAMA<\/a><\/p>\n<p><strong>\u00a0<\/strong><\/p>\n<p>&nbsp;<\/p>\n<h3 style=\"text-align: center;\"><strong>Master di Scrittura \u201cLa parola della sostenibilit\u00e0\u201d<\/strong><\/h3>\n<p style=\"text-align: justify;\"><strong>\u00a0<\/strong>Em ocasi\u00e3o da <em>XXIII SLIM<\/em>, o Instituto de Enciclop\u00e9dia Italiana Treccani disponibilizar\u00e1 o seu 6\u00b0 \u201cMaster di Scrittura\u201d, \u201cLa parola della sostenibilit\u00e0\u201d, que objetiva fornecer uma chave interpretativa para um per\u00edodo marcado pela necessidade de compreender o hoje e o amanh\u00e3, avaliando economia, sociedade e ambiente em uma perspectiva global.<\/p>\n<p style=\"text-align: justify;\">O Master, formado por 13 v\u00eddeo-aulas, ser\u00e1 disponibilizado no YouTube pelo link: <a href=\"https:\/\/www.youtube.com\/playlist?list=PLCS2iJgMnWqqAmXYlYgus4gxJAJeAFGsR\">https:\/\/www.youtube.com\/playlist?list=PLCS2iJgMnWqqAmXYlYgus4gxJAJeAFGsR<\/a><\/p>\n<p><strong>\u00a0<\/strong><\/p>\n<h3 style=\"text-align: center;\"><strong>Proje\u00e7\u00e3o do Longa \u201cHill of Vision &#8211; L&#8217;incredibile storia di Mario Capecchi<\/strong>\u201d<\/h3>\n<p style=\"text-align: justify;\">Para o encerramento da XXIII Semana da L\u00edngua Italiana no Mundo, o Consulado da It\u00e1lia em parceria com o Centro Cultural Unimed-BH Minas, apresenta, no s\u00e1bado, dia <strong>21 de outubro<\/strong>, uma sess\u00e3o gratuita de cinema!<\/p>\n<p style=\"text-align: justify;\">O Filme ser\u00e1 projetado no <strong>Cinema do<\/strong> <strong>Centro Cultural Unimed-BH, \u00e0s 16h<\/strong> e aguardamos a sua presen\u00e7a!<\/p>\n<p style=\"text-align: justify;\">Roberto Faenza, It\u00e1lia\/EUA, 2022. Biografia\/Drama, 1 hora 44 minutos.<\/p>\n<p style=\"text-align: justify;\">It\u00e1lia, Segunda Guerra Mundial. Depois que sua m\u00e3e \u00e9 presa por fascistas, Mario passa a inf\u00e2ncia nas ruas. Em 1947, ele e sua m\u00e3e s\u00e3o milagrosamente reunidos e come\u00e7am uma nova vida na Am\u00e9rica.<\/p>\n<p style=\"text-align: justify;\">Baseado na vida de Mario Capecchi, Pr\u00eamio Nobel de Medicina de 2007.<\/p>\n<p style=\"text-align: justify;\">Trailer: <a href=\"https:\/\/youtu.be\/xal6j0MC8mY\">https:\/\/youtu.be\/xal6j0MC8mY<\/a><\/p>\n<p style=\"text-align: center;\"><a href=\"https:\/\/consbelohorizonte.esteri.it\/wp-content\/uploads\/2023\/10\/Projecao-do-longa-Hill-of-Vision-Lincredibile-storia-di-Mario-Capecchi.pdf\">\u00a0VER PROGRAMA<\/a><\/p>\n<p>&nbsp;<\/p>\n<p>&nbsp;<\/p>\n<p>&nbsp;<\/p>\n<p><a href=\"https:\/\/consbelohorizonte.esteri.it\/wp-content\/uploads\/2023\/10\/PROGRAMACAO-COMPLETA-.pdf\">Programa:<\/a><\/p>\n<p>15\/10 &#8211; <strong>Da \u00f3pera barroca italiana \u00e0 modinha: di\u00e1logo um tanto imprevisto com Calvin<\/strong> &#8211;\u00a0 <a href=\"https:\/\/consbelohorizonte.esteri.it\/wp-content\/uploads\/2023\/10\/Da-opera-barroca-italiana-a-modinha-dialogo-um-tanto-imprevisto-com-Calvino-.pdf\">Informa\u00e7\u00f5es<\/a><\/p>\n<p>16\/10 &#8211;<strong>Noite de Curtas :\u00a0<\/strong><strong> Os \u00faltimos dias da humanidade <\/strong><strong>&#8211; <\/strong><a href=\"https:\/\/consbelohorizonte.esteri.it\/wp-content\/uploads\/2023\/10\/Noite-de-Curtas.pdf\">Informa\u00e7\u00f5es<\/a> <strong><br \/>\n<\/strong><\/p>\n<p>17\/10 &#8211; <strong>Os nossos antepassados: homenagem a Italo Calvino e a Matteo Bartoli &#8211; <\/strong><a href=\"https:\/\/consbelohorizonte.esteri.it\/wp-content\/uploads\/2023\/10\/Os-nossos-antepassados-homenagem-a-Italo-Calvino-e-a-Matteo-Bartoli.pdf\">informa\u00e7\u00f5es<\/a><strong><br \/>\n<\/strong><\/p>\n<p>18\/10 &#8211; <strong>Proje\u00e7\u00e3o do longa \u201cSiccit\u00e0\/Seca<\/strong>\u201d &#8211; <a href=\"https:\/\/consbelohorizonte.esteri.it\/wp-content\/uploads\/2023\/10\/Projecao-do-longa-SiccitaSeca.pdf\">Informa\u00e7\u00f5es<\/a><\/p>\n<p>18\/10 &#8211; <strong>Conversa com o Prof. Wander Melo mediada pela Prof. Anna Palma: A rela\u00e7\u00e3o entre \u201cA cidade vazia\u201d, de Fernando Sabino, e \u201cLe Cosmicomiche\u201d, de Italo Calvino<\/strong>. &#8211; Informa\u00e7\u00f5es<\/p>\n<p>18\/10 &#8211; <strong>Roda de Conversa, M\u00fasica, Ci\u00eancia e Filosofia no Horizonte da Sustentabilidade Socioambiental &#8211; <\/strong><a href=\"https:\/\/consbelohorizonte.esteri.it\/wp-content\/uploads\/2023\/10\/Roda-de-Conversa-Musica-Ciencia-e-Filosofia-no-Horizonte-da-Sustentabilidade-Socioambiental.pdf\">Informa\u00e7\u00f5es<\/a><strong><br \/>\n<\/strong><\/p>\n<p>19\/10 &#8211; <strong>Due chiacchiere &#8211; <\/strong><a href=\"https:\/\/consbelohorizonte.esteri.it\/wp-content\/uploads\/2023\/10\/Due-chiacchiere.pdf\">informa\u00e7\u00f5es<\/a><strong><br \/>\n<\/strong><\/p>\n<p>20\/10 &#8211;<strong> Apresenta\u00e7\u00e3o de trabalhos dos alunos da Funda\u00e7\u00e3o Torino com a participa\u00e7\u00e3o da C\u00f4nsul italiana, Nicoletta Gomiero &#8211; <\/strong><a href=\"https:\/\/consbelohorizonte.esteri.it\/wp-content\/uploads\/2023\/10\/Apresentacao-de-trabalhos-dos-alunos-da-Fundacao-Torino-com-a-participacao-da-Consul-italiana-Nicoletta-Gomiero.pdf\">informa\u00e7\u00f5es<\/a><\/p>\n<p>21\/10<strong> &#8211; Feira de Livros Centro de L\u00ednguas Funda\u00e7\u00e3o Torino &#8211; <\/strong><a href=\"https:\/\/consbelohorizonte.esteri.it\/wp-content\/uploads\/2023\/10\/Feira-de-Livros-Centro-de-Linguas-Fundacao-Torino.pdf\">Informa\u00e7\u00f5es<\/a><strong><br \/>\n<\/strong><\/p>\n<p>21\/10 &#8211; <strong>Proje\u00e7\u00e3o do longa \u201cHill of Vision &#8211; L&#8217;incredibile storia di Mario Capecchi<\/strong>\u201d &#8211; <a href=\"https:\/\/consbelohorizonte.esteri.it\/wp-content\/uploads\/2023\/10\/Projecao-do-longa-Hill-of-Vision-Lincredibile-storia-di-Mario-Capecchi.pdf\">Informa\u00e7\u00f5es<\/a><\/p>\n<p>&nbsp;<\/p>\n<p>&nbsp;<\/p>\n","protected":false},"excerpt":{"rendered":"XXIII SETTIMANA DELLA LINGUA ITALIANA NEL MONDO \u00a0 \u201cL\u2019italiano e la sostenibilit\u00e0\u201d Belo Horizonte &#8211; de 16 a 22 de outubro de 2023 &nbsp; O Consulado da It\u00e1lia em Belo Horizonte traz a XXIII edi\u00e7\u00e3o da Semana da L\u00edngua Italiana no Mundo, evento que conta com a parceria da Casa Fiat de Cultura, UFMG-FALE, Funda\u00e7\u00e3o [&hellip;]","protected":false},"author":20,"featured_media":2144,"comment_status":"closed","ping_status":"closed","sticky":false,"template":"","format":"standard","meta":{"footnotes":""},"tags":[17],"class_list":["post-2141","post","type-post","status-publish","format-standard","has-post-thumbnail","hentry","tag-diplomazia-culturale"],"_links":{"self":[{"href":"https:\/\/consbelohorizonte.esteri.it\/it\/wp-json\/wp\/v2\/posts\/2141","targetHints":{"allow":["GET"]}}],"collection":[{"href":"https:\/\/consbelohorizonte.esteri.it\/it\/wp-json\/wp\/v2\/posts"}],"about":[{"href":"https:\/\/consbelohorizonte.esteri.it\/it\/wp-json\/wp\/v2\/types\/post"}],"author":[{"embeddable":true,"href":"https:\/\/consbelohorizonte.esteri.it\/it\/wp-json\/wp\/v2\/users\/20"}],"replies":[{"embeddable":true,"href":"https:\/\/consbelohorizonte.esteri.it\/it\/wp-json\/wp\/v2\/comments?post=2141"}],"version-history":[{"count":2,"href":"https:\/\/consbelohorizonte.esteri.it\/it\/wp-json\/wp\/v2\/posts\/2141\/revisions"}],"predecessor-version":[{"id":2148,"href":"https:\/\/consbelohorizonte.esteri.it\/it\/wp-json\/wp\/v2\/posts\/2141\/revisions\/2148"}],"wp:featuredmedia":[{"embeddable":true,"href":"https:\/\/consbelohorizonte.esteri.it\/it\/wp-json\/wp\/v2\/media\/2144"}],"wp:attachment":[{"href":"https:\/\/consbelohorizonte.esteri.it\/it\/wp-json\/wp\/v2\/media?parent=2141"}],"wp:term":[{"taxonomy":"post_tag","embeddable":true,"href":"https:\/\/consbelohorizonte.esteri.it\/it\/wp-json\/wp\/v2\/tags?post=2141"}],"curies":[{"name":"wp","href":"https:\/\/api.w.org\/{rel}","templated":true}]}}