{"id":1941,"date":"2023-07-05T15:17:46","date_gmt":"2023-07-05T18:17:46","guid":{"rendered":"https:\/\/consbelohorizonte.esteri.it\/?p=1941"},"modified":"2023-10-10T10:30:33","modified_gmt":"2023-10-10T13:30:33","slug":"casa-fiat-de-cultura-recebe-a-escritora-italiana-lisa-ginzburg-em-julho","status":"publish","type":"post","link":"https:\/\/consbelohorizonte.esteri.it\/it\/news\/dal_consolato\/2023\/07\/casa-fiat-de-cultura-recebe-a-escritora-italiana-lisa-ginzburg-em-julho\/","title":{"rendered":"Casa Fiat de Cultura recebe a escritora italiana  Lisa Ginzburg em julho"},"content":{"rendered":"<p style=\"text-align: justify;\">A escritora italiana Lisa Ginzburg chega \u00e0 capital mineira para participar de uma edi\u00e7\u00e3o especial do projeto Sempre um Papo com a Casa Fiat de Cultura e o apoio do Consulado da It\u00e1lia em Belo Horizonte. No encontro, ela lan\u00e7a seu mais novo romance \u201cCara Paz\u201d (Editora N\u00f3s) e participa de um debate sobre o livro, sob a media\u00e7\u00e3o de Simone Paulino. O evento conta com entrada gratuita e acontece no 10 de julho, segunda-feira, 19h, na Casa Fiat de Cultura (Pra\u00e7a da Liberdade, 10). A escritora vem ao Brasil por uma inciativa do Fliarax\u00e1 \u2013 Festival Liter\u00e1rio de Arax\u00e1, que acontece entre 5 e 9 de julho.<\/p>\n<p style=\"text-align: justify;\">Nascida em Roma, em 1966, Lisa Ginzburg \u00e9 fil\u00f3sofa, tradutora e autora de v\u00e1rios romances, biografias e livros de ensaios. Com o romance \u201cCara Paz\u201d, Lisa foi finalista, em 2021, do importante Pr\u00eamio Strega. A obra acompanha a hist\u00f3ria das irm\u00e3s Nina e Maddalena, crian\u00e7as italianas que crescem em uma fam\u00edlia com muitos problemas. Elas foram abandonadas pela m\u00e3e, Gloria, e acabam ficando aos cuidados de uma mulher francesa chamada Myl\u00e8ne, que o pai delas contrata diante da dificuldade de lidar com o abandono da esposa e a educa\u00e7\u00e3o das filhas. A partir desta trama inicial, a autora constr\u00f3i um romance delicado sobre la\u00e7os afetivos, rela\u00e7\u00f5es familiares, resili\u00eancia e fortaleza. <a href=\"https:\/\/editoranos.com.br\/produto\/cara-paz\/\">Acesse aqui<\/a> o livro no site da editora.<\/p>\n<p style=\"text-align: justify;\"><strong>Casa Fiat de Cultura<\/strong><\/p>\n<p style=\"text-align: justify;\">A Casa Fiat de Cultura cumpre importante papel na transforma\u00e7\u00e3o do cen\u00e1rio cultural brasileiro, ao realizar prestigiadas exposi\u00e7\u00f5es. A programa\u00e7\u00e3o estimula a reflex\u00e3o e intera\u00e7\u00e3o do p\u00fablico com v\u00e1rias linguagens e movimentos art\u00edsticos, desde a arte cl\u00e1ssica at\u00e9 a arte digital e contempor\u00e2nea. Por meio do Programa Educativo, a institui\u00e7\u00e3o articula a\u00e7\u00f5es para ampliar a acessibilidade \u00e0s exposi\u00e7\u00f5es, desenvolvendo r\u00e9plicas de obras de arte em 3D, materiais em braille e atendimento em libras. Mais de 70 mostras, de consagrados artistas brasileiros e internacionais, j\u00e1 foram expostas na Casa Fiat de Cultura, entre os quais Caravaggio, Rodin, Chagall, Tarsila, Portinari entre outros. H\u00e1 17 anos, o espa\u00e7o apresenta uma programa\u00e7\u00e3o diversificada, com m\u00fasica, palestras, resid\u00eancia art\u00edstica, al\u00e9m do Ateli\u00ea Aberto \u2013 espa\u00e7o de experimenta\u00e7\u00e3o art\u00edstica \u2013 e de programas de visitas com abordagem voltada para a valoriza\u00e7\u00e3o do patrim\u00f4nio cultural e art\u00edstico. A Casa Fiat de Cultura \u00e9 situada no hist\u00f3rico edif\u00edcio do Pal\u00e1cio dos Despachos e apresenta, em car\u00e1ter permanente, o painel de Portinari, Civiliza\u00e7\u00e3o Mineira, de 1959. O espa\u00e7o integra um dos mais expressivos corredores culturais do pa\u00eds, o Circuito Liberdade, em Belo Horizonte. Mais de 3,5 milh\u00f5es de pessoas j\u00e1 visitaram suas exposi\u00e7\u00f5es e 600 mil participaram de suas atividades educativas.<\/p>\n<p style=\"text-align: justify;\"><strong>Sempre Um Papo<\/strong><\/p>\n<p style=\"text-align: justify;\">Criado em Belo Horizonte, em 1986, pelo jornalista Afonso Borges, o Sempre Um Papo \u00e9 um projeto cultural que realiza encontros entre importantes nomes da literatura e personalidades nacionais e internacionais com o p\u00fablico, ao vivo, em audit\u00f3rios e teatros. Ao longo de sua trajet\u00f3ria, o projeto j\u00e1 aconteceu em 30 cidades e promoveu mais de 8 mil eventos, que reuniram um p\u00fablico superior a 2 milh\u00f5es de pessoas.<\/p>\n<p style=\"text-align: justify;\">O Sempre Um Papo \u00e9 viabilizado atrav\u00e9s do patroc\u00ednio do Instituto Cultural Vale, Cemig e Usiminas, com o apoio da Rede Mater Dei de Sa\u00fade, com recursos da Lei Federal de Incentivo \u00e0 Cultura, da Secretaria Especial da Cultura do Minist\u00e9rio da Cultura.<\/p>\n","protected":false},"excerpt":{"rendered":"A escritora italiana Lisa Ginzburg chega \u00e0 capital mineira para participar de uma edi\u00e7\u00e3o especial do projeto Sempre um Papo com a Casa Fiat de Cultura e o apoio do Consulado da It\u00e1lia em Belo Horizonte. No encontro, ela lan\u00e7a seu mais novo romance \u201cCara Paz\u201d (Editora N\u00f3s) e participa de um debate sobre o [&hellip;]","protected":false},"author":20,"featured_media":1942,"comment_status":"closed","ping_status":"closed","sticky":false,"template":"","format":"standard","meta":{"footnotes":""},"tags":[17],"class_list":["post-1941","post","type-post","status-publish","format-standard","has-post-thumbnail","hentry","tag-diplomazia-culturale"],"_links":{"self":[{"href":"https:\/\/consbelohorizonte.esteri.it\/it\/wp-json\/wp\/v2\/posts\/1941","targetHints":{"allow":["GET"]}}],"collection":[{"href":"https:\/\/consbelohorizonte.esteri.it\/it\/wp-json\/wp\/v2\/posts"}],"about":[{"href":"https:\/\/consbelohorizonte.esteri.it\/it\/wp-json\/wp\/v2\/types\/post"}],"author":[{"embeddable":true,"href":"https:\/\/consbelohorizonte.esteri.it\/it\/wp-json\/wp\/v2\/users\/20"}],"replies":[{"embeddable":true,"href":"https:\/\/consbelohorizonte.esteri.it\/it\/wp-json\/wp\/v2\/comments?post=1941"}],"version-history":[{"count":1,"href":"https:\/\/consbelohorizonte.esteri.it\/it\/wp-json\/wp\/v2\/posts\/1941\/revisions"}],"predecessor-version":[{"id":2106,"href":"https:\/\/consbelohorizonte.esteri.it\/it\/wp-json\/wp\/v2\/posts\/1941\/revisions\/2106"}],"wp:featuredmedia":[{"embeddable":true,"href":"https:\/\/consbelohorizonte.esteri.it\/it\/wp-json\/wp\/v2\/media\/1942"}],"wp:attachment":[{"href":"https:\/\/consbelohorizonte.esteri.it\/it\/wp-json\/wp\/v2\/media?parent=1941"}],"wp:term":[{"taxonomy":"post_tag","embeddable":true,"href":"https:\/\/consbelohorizonte.esteri.it\/it\/wp-json\/wp\/v2\/tags?post=1941"}],"curies":[{"name":"wp","href":"https:\/\/api.w.org\/{rel}","templated":true}]}}